{"id":5588,"date":"2022-05-30T09:05:02","date_gmt":"2022-05-30T07:05:02","guid":{"rendered":"https:\/\/agora.xtec.cat\/ceippractiques2-lleida\/?p=5588"},"modified":"2022-05-30T11:00:03","modified_gmt":"2022-05-30T09:00:03","slug":"projecte-la-bicicleta-a-les-aules-de-p4","status":"publish","type":"post","link":"https:\/\/agora.xtec.cat\/ceippractiques2-lleida\/general\/projecte-la-bicicleta-a-les-aules-de-p4\/","title":{"rendered":"PROJECTE LA BICICLETA A LES AULES DE P4"},"content":{"rendered":"<p>Aquest trimestre els alumnes de P4 estan treballant el projecte de la Bicicleta. Un petit treball molt interessant i divertit del seu mitj\u00e0 de transport m\u00e9s proper. Els vostres fills i filles coneixen moltes coses sobre el m\u00f3n de la bicicleta, per\u00f2 a trav\u00e9s del petit projecte han pogut descobrir moltes altres.<\/p>\n<p>Aquests dies hem tingut la visita a l&#8217;escola del Xavier, un ciclista experimentat que ens ha explicat moltes curiositat de la bici. El Xavier ha participat en moltes curses i la bicicleta forma part de la seva vida.<\/p>\n<p>Sabeu que la bicicleta tamb\u00e9 t\u00e9 marxes com els cotxes?????? Guauuuuu quina passada.<\/p>\n<p>Teniu ganes de veure aquesta visitat? Doncs acompanyeu-nos<\/p>\n<p>Cliqueu damunt la imatge<\/p>\n<p><a href=\"https:\/\/photos.app.goo.gl\/hKPGffZTd52jfqVo7\"><img loading=\"lazy\" decoding=\"async\" class=\"alignnone wp-image-5589\" src=\"https:\/\/agora.xtec.cat\/ceippractiques2-lleida\/wp-content\/uploads\/usu635\/2022\/05\/IMG-20220524-WA0008.jpg\" alt=\"\" width=\"266\" height=\"355\" srcset=\"https:\/\/agora.xtec.cat\/ceippractiques2-lleida\/wp-content\/uploads\/usu635\/2022\/05\/IMG-20220524-WA0008.jpg 576w, https:\/\/agora.xtec.cat\/ceippractiques2-lleida\/wp-content\/uploads\/usu635\/2022\/05\/IMG-20220524-WA0008-225x300.jpg 225w\" sizes=\"auto, (max-width: 266px) 100vw, 266px\" \/><\/a><\/p>\n","protected":false},"excerpt":{"rendered":"<p>Aquest trimestre els alumnes de P4 estan treballant el projecte de la Bicicleta. Un petit treball molt interessant i divertit del seu mitj\u00e0 de transport m\u00e9s proper. Els vostres fills i filles coneixen moltes coses sobre el m\u00f3n de la bicicleta, per\u00f2 a trav\u00e9s del&hellip;  <a href=\"https:\/\/agora.xtec.cat\/ceippractiques2-lleida\/general\/projecte-la-bicicleta-a-les-aules-de-p4\/\" title=\"Read PROJECTE LA BICICLETA A LES AULES DE P4\">Llegeix m\u00e9s\u00bb<\/a><\/p>\n","protected":false},"author":22,"featured_media":5589,"comment_status":"open","ping_status":"closed","sticky":false,"template":"","format":"standard","meta":{"_bbp_topic_count":0,"_bbp_reply_count":0,"_bbp_total_topic_count":0,"_bbp_total_reply_count":0,"_bbp_voice_count":0,"_bbp_anonymous_reply_count":0,"_bbp_topic_count_hidden":0,"_bbp_reply_count_hidden":0,"_bbp_forum_subforum_count":0,"footnotes":""},"categories":[2,1,8,4],"tags":[],"class_list":["post-5588","post","type-post","status-publish","format-standard","has-post-thumbnail","hentry","category-infantil","category-general","category-i4","category-portada"],"post_mailing_queue_ids":[],"_links":{"self":[{"href":"https:\/\/agora.xtec.cat\/ceippractiques2-lleida\/wp-json\/wp\/v2\/posts\/5588","targetHints":{"allow":["GET"]}}],"collection":[{"href":"https:\/\/agora.xtec.cat\/ceippractiques2-lleida\/wp-json\/wp\/v2\/posts"}],"about":[{"href":"https:\/\/agora.xtec.cat\/ceippractiques2-lleida\/wp-json\/wp\/v2\/types\/post"}],"author":[{"embeddable":true,"href":"https:\/\/agora.xtec.cat\/ceippractiques2-lleida\/wp-json\/wp\/v2\/users\/22"}],"replies":[{"embeddable":true,"href":"https:\/\/agora.xtec.cat\/ceippractiques2-lleida\/wp-json\/wp\/v2\/comments?post=5588"}],"version-history":[{"count":2,"href":"https:\/\/agora.xtec.cat\/ceippractiques2-lleida\/wp-json\/wp\/v2\/posts\/5588\/revisions"}],"predecessor-version":[{"id":5591,"href":"https:\/\/agora.xtec.cat\/ceippractiques2-lleida\/wp-json\/wp\/v2\/posts\/5588\/revisions\/5591"}],"wp:featuredmedia":[{"embeddable":true,"href":"https:\/\/agora.xtec.cat\/ceippractiques2-lleida\/wp-json\/wp\/v2\/media\/5589"}],"wp:attachment":[{"href":"https:\/\/agora.xtec.cat\/ceippractiques2-lleida\/wp-json\/wp\/v2\/media?parent=5588"}],"wp:term":[{"taxonomy":"category","embeddable":true,"href":"https:\/\/agora.xtec.cat\/ceippractiques2-lleida\/wp-json\/wp\/v2\/categories?post=5588"},{"taxonomy":"post_tag","embeddable":true,"href":"https:\/\/agora.xtec.cat\/ceippractiques2-lleida\/wp-json\/wp\/v2\/tags?post=5588"}],"curies":[{"name":"wp","href":"https:\/\/api.w.org\/{rel}","templated":true}]}}