{"id":5585,"date":"2022-05-25T13:25:38","date_gmt":"2022-05-25T11:25:38","guid":{"rendered":"https:\/\/agora.xtec.cat\/ceippractiques2-lleida\/?p=5585"},"modified":"2022-05-25T13:25:38","modified_gmt":"2022-05-25T11:25:38","slug":"cm-la-musica-es-el-veritable-llenguatge-universal","status":"publish","type":"post","link":"https:\/\/agora.xtec.cat\/ceippractiques2-lleida\/general\/cm-la-musica-es-el-veritable-llenguatge-universal\/","title":{"rendered":"CM: \u2018\u2019 La m\u00fasica \u00e9s el veritable llenguatge universal\u2019\u2019"},"content":{"rendered":"<p>M\u00e9s artistes s\u2019han sumat a la iniciativa de tocar el seu instrument a l\u2019aula.<br \/>\n-La Martina de 4t A ens va interpretar v\u00e0ries peces amb el \u2018\u2019saxo\u2019\u2019. Una d\u2019elles ha estat Bola de drac i l\u2019altra la melodia de Harry Potter<\/p>\n<p>&#8211; Les dues violonistes de 3r B , la Berta i la Irene, ens han interpretat de manera individuals v\u00e0ries can\u00e7ons i a duet El gegant del Pi . Despr\u00e9s hem pogut tocar les cordes del viol\u00ed.<\/p>\n<p>Moltes gr\u00e0cies per aquest gran regal!!!<br \/>\n\u2018<strong>\u2019 La m\u00fasica \u00e9s el veritable llenguatge universal\u2019\u2019<\/strong><br \/>\n<em>Carl Maria Von Weber<\/em><\/p>\n<p>Podeu veure algunes fotografies clicant la seg\u00fcent imatge:<\/p>\n<p><a href=\"https:\/\/photos.app.goo.gl\/BAxrGi7R7AJMYuhz8\" target=\"_blank\" rel=\"noopener\"><img loading=\"lazy\" decoding=\"async\" class=\"alignnone wp-image-5586 size-full\" src=\"https:\/\/agora.xtec.cat\/ceippractiques2-lleida\/wp-content\/uploads\/usu635\/2022\/05\/mus.png\" alt=\"\" width=\"782\" height=\"388\" srcset=\"https:\/\/agora.xtec.cat\/ceippractiques2-lleida\/wp-content\/uploads\/usu635\/2022\/05\/mus.png 782w, https:\/\/agora.xtec.cat\/ceippractiques2-lleida\/wp-content\/uploads\/usu635\/2022\/05\/mus-300x149.png 300w, https:\/\/agora.xtec.cat\/ceippractiques2-lleida\/wp-content\/uploads\/usu635\/2022\/05\/mus-768x381.png 768w\" sizes=\"auto, (max-width: 782px) 100vw, 782px\" \/><\/a><\/p>\n","protected":false},"excerpt":{"rendered":"<p>M\u00e9s artistes s\u2019han sumat a la iniciativa de tocar el seu instrument a l\u2019aula.<br \/>\n-La Martina de 4t A ens va interpretar v\u00e0ries peces amb el \u2018\u2019saxo\u2019\u2019. Una d\u2019elles ha estat Bola de drac i l\u2019altra la melodia de Harry Potter<br \/>\n&#8211; Les dues violonistes de 3r&hellip;  <a href=\"https:\/\/agora.xtec.cat\/ceippractiques2-lleida\/general\/cm-la-musica-es-el-veritable-llenguatge-universal\/\" title=\"Read CM: \u2018\u2019 La m\u00fasica \u00e9s el veritable llenguatge universal\u2019\u2019\">Llegeix m\u00e9s\u00bb<\/a><\/p>\n","protected":false},"author":1,"featured_media":5586,"comment_status":"open","ping_status":"closed","sticky":false,"template":"","format":"standard","meta":{"_bbp_topic_count":0,"_bbp_reply_count":0,"_bbp_total_topic_count":0,"_bbp_total_reply_count":0,"_bbp_voice_count":0,"_bbp_anonymous_reply_count":0,"_bbp_topic_count_hidden":0,"_bbp_reply_count_hidden":0,"_bbp_forum_subforum_count":0,"footnotes":""},"categories":[12,13,5,1,4],"tags":[66,98,69,72],"class_list":["post-5585","post","type-post","status-publish","format-standard","has-post-thumbnail","hentry","category-3r","category-4t","category-primaria","category-general","category-portada","tag-cicle-mitja","tag-musica","tag-quart","tag-tercer"],"post_mailing_queue_ids":[],"_links":{"self":[{"href":"https:\/\/agora.xtec.cat\/ceippractiques2-lleida\/wp-json\/wp\/v2\/posts\/5585","targetHints":{"allow":["GET"]}}],"collection":[{"href":"https:\/\/agora.xtec.cat\/ceippractiques2-lleida\/wp-json\/wp\/v2\/posts"}],"about":[{"href":"https:\/\/agora.xtec.cat\/ceippractiques2-lleida\/wp-json\/wp\/v2\/types\/post"}],"author":[{"embeddable":true,"href":"https:\/\/agora.xtec.cat\/ceippractiques2-lleida\/wp-json\/wp\/v2\/users\/1"}],"replies":[{"embeddable":true,"href":"https:\/\/agora.xtec.cat\/ceippractiques2-lleida\/wp-json\/wp\/v2\/comments?post=5585"}],"version-history":[{"count":1,"href":"https:\/\/agora.xtec.cat\/ceippractiques2-lleida\/wp-json\/wp\/v2\/posts\/5585\/revisions"}],"predecessor-version":[{"id":5587,"href":"https:\/\/agora.xtec.cat\/ceippractiques2-lleida\/wp-json\/wp\/v2\/posts\/5585\/revisions\/5587"}],"wp:featuredmedia":[{"embeddable":true,"href":"https:\/\/agora.xtec.cat\/ceippractiques2-lleida\/wp-json\/wp\/v2\/media\/5586"}],"wp:attachment":[{"href":"https:\/\/agora.xtec.cat\/ceippractiques2-lleida\/wp-json\/wp\/v2\/media?parent=5585"}],"wp:term":[{"taxonomy":"category","embeddable":true,"href":"https:\/\/agora.xtec.cat\/ceippractiques2-lleida\/wp-json\/wp\/v2\/categories?post=5585"},{"taxonomy":"post_tag","embeddable":true,"href":"https:\/\/agora.xtec.cat\/ceippractiques2-lleida\/wp-json\/wp\/v2\/tags?post=5585"}],"curies":[{"name":"wp","href":"https:\/\/api.w.org\/{rel}","templated":true}]}}