{"id":5564,"date":"2022-05-20T18:10:49","date_gmt":"2022-05-20T16:10:49","guid":{"rendered":"https:\/\/agora.xtec.cat\/ceippractiques2-lleida\/?p=5564"},"modified":"2026-02-10T12:30:45","modified_gmt":"2026-02-10T11:30:45","slug":"projecte-de-lhort-a-p5","status":"publish","type":"post","link":"https:\/\/agora.xtec.cat\/ceippractiques2-lleida\/general\/projecte-de-lhort-a-p5\/","title":{"rendered":"PROJECTE DE L&#8217;HORT A P5"},"content":{"rendered":"<p dir=\"ltr\">Les nenes i nens de P5 no som ni pageses ni pagesos per\u00f2 durant un trimestre hem apr\u00e8s a estimar la terra que ens dona les hortalisses que tant necessitem per una bona salut.<\/p>\n<p dir=\"ltr\">Ha estat durant aquest segon trimestre quan les nenes i nens de P5 hem participat en el projecte interdisciplinari de l\u2019escola: l\u2019hort escolar.<\/p>\n<p dir=\"ltr\">Ens han ensenyat a preparar la terra, a utilitzar les diferents eines, a triar les m\u00e9s adients per a cada feina i a tenir cura del nostre planter.<\/p>\n<p dir=\"ltr\">Ens voleu veure en acci\u00f3? Mireu les fotos!<\/p>\n<p dir=\"ltr\"><a href=\"https:\/\/photos.app.goo.gl\/N7F1stJ7KsiVd11JA\" target=\"_blank\" rel=\"noopener\">\u00a0 \u00a0 \u00a0 \u00a0 \u00a0 \u00a0 \u00a0 \u00a0 \u00a0 \u00a0 \u00a0 <\/a><a href=\"https:\/\/photos.app.goo.gl\/N7F1stJ7KsiVd11JA\" target=\"_blank\" rel=\"noopener\"><img loading=\"lazy\" decoding=\"async\" class=\"alignnone wp-image-5566\" src=\"https:\/\/agora.xtec.cat\/ceippractiques2-lleida\/wp-content\/uploads\/usu635\/2022\/05\/p5a-300x174.png\" alt=\"\" width=\"281\" height=\"163\" srcset=\"https:\/\/agora.xtec.cat\/ceippractiques2-lleida\/wp-content\/uploads\/usu635\/2022\/05\/p5a-300x174.png 300w, https:\/\/agora.xtec.cat\/ceippractiques2-lleida\/wp-content\/uploads\/usu635\/2022\/05\/p5a-1024x595.png 1024w, https:\/\/agora.xtec.cat\/ceippractiques2-lleida\/wp-content\/uploads\/usu635\/2022\/05\/p5a-768x446.png 768w, https:\/\/agora.xtec.cat\/ceippractiques2-lleida\/wp-content\/uploads\/usu635\/2022\/05\/p5a.png 1046w\" sizes=\"auto, (max-width: 281px) 100vw, 281px\" \/><\/a><a href=\"https:\/\/photos.app.goo.gl\/N7F1stJ7KsiVd11JA\" target=\"_blank\" rel=\"noopener\">\u00a0 \u00a0 \u00a0 \u00a0 \u00a0\u00a0 \u00a0 \u00a0 \u00a0 \u00a0<\/a><a href=\"https:\/\/photos.app.goo.gl\/FXLFZhMrfCdEmhTu5\" target=\"_blank\" rel=\"noopener\"><img loading=\"lazy\" decoding=\"async\" class=\"alignnone wp-image-5568 size-medium\" src=\"https:\/\/agora.xtec.cat\/ceippractiques2-lleida\/wp-content\/uploads\/usu635\/2022\/05\/p5b-300x161.png\" alt=\"\" width=\"300\" height=\"161\" srcset=\"https:\/\/agora.xtec.cat\/ceippractiques2-lleida\/wp-content\/uploads\/usu635\/2022\/05\/p5b-300x161.png 300w, https:\/\/agora.xtec.cat\/ceippractiques2-lleida\/wp-content\/uploads\/usu635\/2022\/05\/p5b-1024x549.png 1024w, https:\/\/agora.xtec.cat\/ceippractiques2-lleida\/wp-content\/uploads\/usu635\/2022\/05\/p5b-768x412.png 768w, https:\/\/agora.xtec.cat\/ceippractiques2-lleida\/wp-content\/uploads\/usu635\/2022\/05\/p5b.png 1072w\" sizes=\"auto, (max-width: 300px) 100vw, 300px\" \/><\/a><\/p>\n<p dir=\"ltr\">Sabeu qu\u00e8? Amb les verdures i la fruita tamb\u00e9 es poden crear obres d&#8217;art. Mireu quins artistes estem fets!<\/p>\n<p dir=\"ltr\"><a href=\"https:\/\/photos.app.goo.gl\/jyzVWBBrWaDW8Uzm8\" target=\"_blank\" rel=\"noopener\"><img loading=\"lazy\" decoding=\"async\" class=\"aligncenter wp-image-5565 size-medium\" src=\"https:\/\/agora.xtec.cat\/ceippractiques2-lleida\/wp-content\/uploads\/usu635\/2022\/05\/Captura-197x300.jpg\" alt=\"\" width=\"197\" height=\"300\" srcset=\"https:\/\/agora.xtec.cat\/ceippractiques2-lleida\/wp-content\/uploads\/usu635\/2022\/05\/Captura-197x300.jpg 197w, https:\/\/agora.xtec.cat\/ceippractiques2-lleida\/wp-content\/uploads\/usu635\/2022\/05\/Captura.jpg 606w\" sizes=\"auto, (max-width: 197px) 100vw, 197px\" \/><\/a><\/p>\n<p dir=\"ltr\">Tamb\u00e9 agrair a la padrina de la Cl\u00e0udia que ens va ensenyar com plantar enciams i cebes a l&#8217;hort. Va ser una tarda molt interessant. Moltes gr\u00e0cies!<img loading=\"lazy\" decoding=\"async\" class=\"aligncenter size-medium wp-image-5576\" src=\"https:\/\/agora.xtec.cat\/ceippractiques2-lleida\/wp-content\/uploads\/usu635\/2022\/05\/IMG_2646.heic\" alt=\"\" width=\"1\" height=\"1\" \/> <a href=\"https:\/\/photos.app.goo.gl\/w7bJkNNLmyiEvNCP7\" target=\"_blank\" rel=\"noopener\"><img loading=\"lazy\" decoding=\"async\" class=\"aligncenter wp-image-5577 size-medium\" src=\"https:\/\/agora.xtec.cat\/ceippractiques2-lleida\/wp-content\/uploads\/usu635\/2022\/05\/Captura-de-Pantalla-2022-05-20-a-las-17.47.03-300x167.png\" alt=\"\" width=\"300\" height=\"167\" srcset=\"https:\/\/agora.xtec.cat\/ceippractiques2-lleida\/wp-content\/uploads\/usu635\/2022\/05\/Captura-de-Pantalla-2022-05-20-a-las-17.47.03-300x167.png 300w, https:\/\/agora.xtec.cat\/ceippractiques2-lleida\/wp-content\/uploads\/usu635\/2022\/05\/Captura-de-Pantalla-2022-05-20-a-las-17.47.03-768x427.png 768w, https:\/\/agora.xtec.cat\/ceippractiques2-lleida\/wp-content\/uploads\/usu635\/2022\/05\/Captura-de-Pantalla-2022-05-20-a-las-17.47.03.png 1024w\" sizes=\"auto, (max-width: 300px) 100vw, 300px\" \/><\/a><\/p>\n<p>Us deixem l&#8217;enlla\u00e7 del joc que hem fet a totes les classes d&#8217;infantil,\u00a0per qu\u00e8\u00a0pugueu fer-lo a casa, podreu aconseguir totes les ins\u00edgnies?<\/p>\n<p><a href=\"https:\/\/view.genial.ly\/62470314fd635a0019b82e71\/interactive-content-lhort\" target=\"_blank\" rel=\"noopener\"><img loading=\"lazy\" decoding=\"async\" class=\"aligncenter wp-image-5561 size-medium\" src=\"https:\/\/agora.xtec.cat\/ceippractiques2-lleida\/wp-content\/uploads\/usu635\/2022\/05\/joc-hort-300x169.jpg\" alt=\"\" width=\"300\" height=\"169\" srcset=\"https:\/\/agora.xtec.cat\/ceippractiques2-lleida\/wp-content\/uploads\/usu635\/2022\/05\/joc-hort-300x169.jpg 300w, https:\/\/agora.xtec.cat\/ceippractiques2-lleida\/wp-content\/uploads\/usu635\/2022\/05\/joc-hort.jpg 565w\" sizes=\"auto, (max-width: 300px) 100vw, 300px\" \/><\/a><\/p>\n","protected":false},"excerpt":{"rendered":"<p>Les nenes i nens de P5 no som ni pageses ni pagesos per\u00f2 durant un trimestre hem apr\u00e8s a estimar la terra que ens dona les hortalisses que tant necessitem per una bona salut.<br \/>\nHa estat durant aquest segon trimestre quan les nenes i nens de&hellip;  <a href=\"https:\/\/agora.xtec.cat\/ceippractiques2-lleida\/general\/projecte-de-lhort-a-p5\/\" title=\"Read PROJECTE DE L&#8217;HORT A P5\">Llegeix m\u00e9s\u00bb<\/a><\/p>\n","protected":false},"author":17,"featured_media":5579,"comment_status":"open","ping_status":"closed","sticky":false,"template":"","format":"standard","meta":{"_bbp_topic_count":0,"_bbp_reply_count":0,"_bbp_total_topic_count":0,"_bbp_total_reply_count":0,"_bbp_voice_count":0,"_bbp_anonymous_reply_count":0,"_bbp_topic_count_hidden":0,"_bbp_reply_count_hidden":0,"_bbp_forum_subforum_count":0,"footnotes":""},"categories":[2,1,310,9,4],"tags":[176,175,148,212],"class_list":["post-5564","post","type-post","status-publish","format-standard","has-post-thumbnail","hentry","category-infantil","category-general","category-hort","category-i5","category-portada","tag-elefants","tag-girafes","tag-p5","tag-projcte-hort"],"post_mailing_queue_ids":[],"_links":{"self":[{"href":"https:\/\/agora.xtec.cat\/ceippractiques2-lleida\/wp-json\/wp\/v2\/posts\/5564","targetHints":{"allow":["GET"]}}],"collection":[{"href":"https:\/\/agora.xtec.cat\/ceippractiques2-lleida\/wp-json\/wp\/v2\/posts"}],"about":[{"href":"https:\/\/agora.xtec.cat\/ceippractiques2-lleida\/wp-json\/wp\/v2\/types\/post"}],"author":[{"embeddable":true,"href":"https:\/\/agora.xtec.cat\/ceippractiques2-lleida\/wp-json\/wp\/v2\/users\/17"}],"replies":[{"embeddable":true,"href":"https:\/\/agora.xtec.cat\/ceippractiques2-lleida\/wp-json\/wp\/v2\/comments?post=5564"}],"version-history":[{"count":3,"href":"https:\/\/agora.xtec.cat\/ceippractiques2-lleida\/wp-json\/wp\/v2\/posts\/5564\/revisions"}],"predecessor-version":[{"id":5578,"href":"https:\/\/agora.xtec.cat\/ceippractiques2-lleida\/wp-json\/wp\/v2\/posts\/5564\/revisions\/5578"}],"wp:featuredmedia":[{"embeddable":true,"href":"https:\/\/agora.xtec.cat\/ceippractiques2-lleida\/wp-json\/wp\/v2\/media\/5579"}],"wp:attachment":[{"href":"https:\/\/agora.xtec.cat\/ceippractiques2-lleida\/wp-json\/wp\/v2\/media?parent=5564"}],"wp:term":[{"taxonomy":"category","embeddable":true,"href":"https:\/\/agora.xtec.cat\/ceippractiques2-lleida\/wp-json\/wp\/v2\/categories?post=5564"},{"taxonomy":"post_tag","embeddable":true,"href":"https:\/\/agora.xtec.cat\/ceippractiques2-lleida\/wp-json\/wp\/v2\/tags?post=5564"}],"curies":[{"name":"wp","href":"https:\/\/api.w.org\/{rel}","templated":true}]}}