{"id":5550,"date":"2022-05-18T22:07:46","date_gmt":"2022-05-18T20:07:46","guid":{"rendered":"https:\/\/agora.xtec.cat\/ceippractiques2-lleida\/?p=5550"},"modified":"2022-05-18T22:08:39","modified_gmt":"2022-05-18T20:08:39","slug":"convivencies-6e-la-seu-durgell","status":"publish","type":"post","link":"https:\/\/agora.xtec.cat\/ceippractiques2-lleida\/general\/convivencies-6e-la-seu-durgell\/","title":{"rendered":"Conviv\u00e8ncies 6\u00e8- La Seu d&#8217;Urgell"},"content":{"rendered":"<p>L&#8217;alumnat de 6\u00e8, els dies 18,19 i 20 de maig, est\u00e0 de conviv\u00e8ncies.<\/p>\n<p>Avui han arribat a la Seu d&#8217;Urgell, s&#8217;han instal\u00b7lat a la casa de col\u00f2nies i han pogut realitzar les primeres activitats.<\/p>\n<p>Si voleu veure les imatges, cliqueu a la fotografia seg\u00fcent. (en actualitzaci\u00f3)<\/p>\n<p><a href=\"https:\/\/drive.google.com\/drive\/folders\/1-ru5xXHhLgEKi66JtmX9lgK2pPvxcc_z?usp=sharing\"><img loading=\"lazy\" decoding=\"async\" class=\"alignnone size-large wp-image-5551\" src=\"https:\/\/agora.xtec.cat\/ceippractiques2-lleida\/wp-content\/uploads\/usu635\/2022\/05\/WhatsApp-Image-2022-05-18-at-15.42.01-1024x768.jpeg\" alt=\"\" width=\"1024\" height=\"768\" srcset=\"https:\/\/agora.xtec.cat\/ceippractiques2-lleida\/wp-content\/uploads\/usu635\/2022\/05\/WhatsApp-Image-2022-05-18-at-15.42.01-1024x768.jpeg 1024w, https:\/\/agora.xtec.cat\/ceippractiques2-lleida\/wp-content\/uploads\/usu635\/2022\/05\/WhatsApp-Image-2022-05-18-at-15.42.01-300x225.jpeg 300w, https:\/\/agora.xtec.cat\/ceippractiques2-lleida\/wp-content\/uploads\/usu635\/2022\/05\/WhatsApp-Image-2022-05-18-at-15.42.01-768x576.jpeg 768w, https:\/\/agora.xtec.cat\/ceippractiques2-lleida\/wp-content\/uploads\/usu635\/2022\/05\/WhatsApp-Image-2022-05-18-at-15.42.01-1536x1152.jpeg 1536w, https:\/\/agora.xtec.cat\/ceippractiques2-lleida\/wp-content\/uploads\/usu635\/2022\/05\/WhatsApp-Image-2022-05-18-at-15.42.01-200x150.jpeg 200w, https:\/\/agora.xtec.cat\/ceippractiques2-lleida\/wp-content\/uploads\/usu635\/2022\/05\/WhatsApp-Image-2022-05-18-at-15.42.01.jpeg 2000w\" sizes=\"auto, (max-width: 1024px) 100vw, 1024px\" \/><\/a><\/p>\n","protected":false},"excerpt":{"rendered":"<p>L&#8217;alumnat de 6\u00e8, els dies 18,19 i 20 de maig, est\u00e0 de conviv\u00e8ncies.<br \/>\nAvui han arribat a la Seu d&#8217;Urgell, s&#8217;han instal\u00b7lat a la casa de col\u00f2nies i han pogut realitzar les primeres activitats.<br \/>\nSi voleu veure les imatges, cliqueu a la fotografia seg\u00fcent. (en actualitzaci\u00f3)<br \/>\n<a href=\"https:\/\/drive.google.com\/drive\/folders\/1-ru5xXHhLgEKi66JtmX9lgK2pPvxcc_z?usp=sharing\"><\/a><\/p>\n","protected":false},"author":1,"featured_media":0,"comment_status":"open","ping_status":"closed","sticky":false,"template":"","format":"standard","meta":{"_bbp_topic_count":0,"_bbp_reply_count":0,"_bbp_total_topic_count":0,"_bbp_total_reply_count":0,"_bbp_voice_count":0,"_bbp_anonymous_reply_count":0,"_bbp_topic_count_hidden":0,"_bbp_reply_count_hidden":0,"_bbp_forum_subforum_count":0,"footnotes":""},"categories":[15,1,4],"tags":[],"class_list":["post-5550","post","type-post","status-publish","format-standard","hentry","category-6e","category-general","category-portada"],"post_mailing_queue_ids":[],"_links":{"self":[{"href":"https:\/\/agora.xtec.cat\/ceippractiques2-lleida\/wp-json\/wp\/v2\/posts\/5550","targetHints":{"allow":["GET"]}}],"collection":[{"href":"https:\/\/agora.xtec.cat\/ceippractiques2-lleida\/wp-json\/wp\/v2\/posts"}],"about":[{"href":"https:\/\/agora.xtec.cat\/ceippractiques2-lleida\/wp-json\/wp\/v2\/types\/post"}],"author":[{"embeddable":true,"href":"https:\/\/agora.xtec.cat\/ceippractiques2-lleida\/wp-json\/wp\/v2\/users\/1"}],"replies":[{"embeddable":true,"href":"https:\/\/agora.xtec.cat\/ceippractiques2-lleida\/wp-json\/wp\/v2\/comments?post=5550"}],"version-history":[{"count":3,"href":"https:\/\/agora.xtec.cat\/ceippractiques2-lleida\/wp-json\/wp\/v2\/posts\/5550\/revisions"}],"predecessor-version":[{"id":5554,"href":"https:\/\/agora.xtec.cat\/ceippractiques2-lleida\/wp-json\/wp\/v2\/posts\/5550\/revisions\/5554"}],"wp:attachment":[{"href":"https:\/\/agora.xtec.cat\/ceippractiques2-lleida\/wp-json\/wp\/v2\/media?parent=5550"}],"wp:term":[{"taxonomy":"category","embeddable":true,"href":"https:\/\/agora.xtec.cat\/ceippractiques2-lleida\/wp-json\/wp\/v2\/categories?post=5550"},{"taxonomy":"post_tag","embeddable":true,"href":"https:\/\/agora.xtec.cat\/ceippractiques2-lleida\/wp-json\/wp\/v2\/tags?post=5550"}],"curies":[{"name":"wp","href":"https:\/\/api.w.org\/{rel}","templated":true}]}}