{"id":5513,"date":"2022-05-05T15:38:47","date_gmt":"2022-05-05T13:38:47","guid":{"rendered":"https:\/\/agora.xtec.cat\/ceippractiques2-lleida\/?p=5513"},"modified":"2022-05-05T21:41:57","modified_gmt":"2022-05-05T19:41:57","slug":"colonies-cicle-mitja-pallars-jussa","status":"publish","type":"post","link":"https:\/\/agora.xtec.cat\/ceippractiques2-lleida\/general\/colonies-cicle-mitja-pallars-jussa\/","title":{"rendered":"Col\u00f2nies Cicle mitj\u00e0 &#8211; Pallars Juss\u00e0"},"content":{"rendered":"<p>L&#8217;alumnat de 3r i 4t ja hem arribat a Gu\u00e0rdia de Noguera. El dia \u00e9s fant\u00e0stic i presagiem una bona caminada.<br \/>\nAnem a descobrir la hist\u00f2ria dels Comtes dels Pallars que van habitar aquest meravell\u00f3s paratge.<\/p>\n<p>Comencem fent un taller des del punt de vista de les dones i el seu rol important dins del Castell de Mur del Segle XI.<\/p>\n<p>Si voleu veure imatges, cliqueu a la fotografia seg\u00fcent.<\/p>\n<p>&#8220;en actualitzaci\u00f3&#8221;<br \/>\n<a href=\"https:\/\/drive.google.com\/drive\/folders\/1-6zQH-L8RTxYtk78K_vzRAugB2qHunHZ?usp=sharing\"><img loading=\"lazy\" decoding=\"async\" class=\"alignnone wp-image-5514\" src=\"https:\/\/agora.xtec.cat\/ceippractiques2-lleida\/wp-content\/uploads\/usu635\/2022\/05\/WhatsApp-Image-2022-05-05-at-15.21.39-768x1024.jpeg\" alt=\"\" width=\"279\" height=\"372\" srcset=\"https:\/\/agora.xtec.cat\/ceippractiques2-lleida\/wp-content\/uploads\/usu635\/2022\/05\/WhatsApp-Image-2022-05-05-at-15.21.39-768x1024.jpeg 768w, https:\/\/agora.xtec.cat\/ceippractiques2-lleida\/wp-content\/uploads\/usu635\/2022\/05\/WhatsApp-Image-2022-05-05-at-15.21.39-225x300.jpeg 225w, https:\/\/agora.xtec.cat\/ceippractiques2-lleida\/wp-content\/uploads\/usu635\/2022\/05\/WhatsApp-Image-2022-05-05-at-15.21.39-1152x1536.jpeg 1152w, https:\/\/agora.xtec.cat\/ceippractiques2-lleida\/wp-content\/uploads\/usu635\/2022\/05\/WhatsApp-Image-2022-05-05-at-15.21.39.jpeg 1200w\" sizes=\"auto, (max-width: 279px) 100vw, 279px\" \/><\/a><\/p>\n","protected":false},"excerpt":{"rendered":"<p>L&#8217;alumnat de 3r i 4t ja hem arribat a Gu\u00e0rdia de Noguera. El dia \u00e9s fant\u00e0stic i presagiem una bona caminada.<br \/>\nAnem a descobrir la hist\u00f2ria dels Comtes dels Pallars que van habitar aquest meravell\u00f3s paratge.<br \/>\nComencem fent un taller des del punt de vista de les&hellip;  <a href=\"https:\/\/agora.xtec.cat\/ceippractiques2-lleida\/general\/colonies-cicle-mitja-pallars-jussa\/\" title=\"Read Col\u00f2nies Cicle mitj\u00e0 &#8211; Pallars Juss\u00e0\">Llegeix m\u00e9s\u00bb<\/a><\/p>\n","protected":false},"author":1,"featured_media":0,"comment_status":"open","ping_status":"closed","sticky":false,"template":"","format":"standard","meta":{"_bbp_topic_count":0,"_bbp_reply_count":0,"_bbp_total_topic_count":0,"_bbp_total_reply_count":0,"_bbp_voice_count":0,"_bbp_anonymous_reply_count":0,"_bbp_topic_count_hidden":0,"_bbp_reply_count_hidden":0,"_bbp_forum_subforum_count":0,"footnotes":""},"categories":[1,4],"tags":[],"class_list":["post-5513","post","type-post","status-publish","format-standard","hentry","category-general","category-portada"],"post_mailing_queue_ids":[],"_links":{"self":[{"href":"https:\/\/agora.xtec.cat\/ceippractiques2-lleida\/wp-json\/wp\/v2\/posts\/5513","targetHints":{"allow":["GET"]}}],"collection":[{"href":"https:\/\/agora.xtec.cat\/ceippractiques2-lleida\/wp-json\/wp\/v2\/posts"}],"about":[{"href":"https:\/\/agora.xtec.cat\/ceippractiques2-lleida\/wp-json\/wp\/v2\/types\/post"}],"author":[{"embeddable":true,"href":"https:\/\/agora.xtec.cat\/ceippractiques2-lleida\/wp-json\/wp\/v2\/users\/1"}],"replies":[{"embeddable":true,"href":"https:\/\/agora.xtec.cat\/ceippractiques2-lleida\/wp-json\/wp\/v2\/comments?post=5513"}],"version-history":[{"count":2,"href":"https:\/\/agora.xtec.cat\/ceippractiques2-lleida\/wp-json\/wp\/v2\/posts\/5513\/revisions"}],"predecessor-version":[{"id":5516,"href":"https:\/\/agora.xtec.cat\/ceippractiques2-lleida\/wp-json\/wp\/v2\/posts\/5513\/revisions\/5516"}],"wp:attachment":[{"href":"https:\/\/agora.xtec.cat\/ceippractiques2-lleida\/wp-json\/wp\/v2\/media?parent=5513"}],"wp:term":[{"taxonomy":"category","embeddable":true,"href":"https:\/\/agora.xtec.cat\/ceippractiques2-lleida\/wp-json\/wp\/v2\/categories?post=5513"},{"taxonomy":"post_tag","embeddable":true,"href":"https:\/\/agora.xtec.cat\/ceippractiques2-lleida\/wp-json\/wp\/v2\/tags?post=5513"}],"curies":[{"name":"wp","href":"https:\/\/api.w.org\/{rel}","templated":true}]}}