{"id":5485,"date":"2022-05-03T20:19:56","date_gmt":"2022-05-03T18:19:56","guid":{"rendered":"https:\/\/agora.xtec.cat\/ceippractiques2-lleida\/?p=5485"},"modified":"2022-05-05T09:59:34","modified_gmt":"2022-05-05T07:59:34","slug":"colonies-5e-tarragona-tamarit","status":"publish","type":"post","link":"https:\/\/agora.xtec.cat\/ceippractiques2-lleida\/general\/colonies-5e-tarragona-tamarit\/","title":{"rendered":"Col\u00f2nies 5\u00e8- Tarragona-Tamarit"},"content":{"rendered":"<p>Els dies 3 i 4 de maig, els i les alumnes de 5\u00e8 hem estat gaudint de les conviv\u00e8ncies a la casa de col\u00f2nies de Tamarit.<\/p>\n<p>El dimarts hem estat de visita per la Tarragona romana, i per la tarda&#8230; hem anat fins a la platja i m\u00e9s d&#8217;un i una s&#8217;ha atrevit a mullar-se una mica m\u00e9s amunt dels peus.\u00a0 A la nit&#8230; joc de pistes amb llanterna per les contrades de la casa de col\u00f2nies.<\/p>\n<p>Ho estem passant molt b\u00e9 i ens ha fet un temps exepcional!<\/p>\n<p>El dimecres hem estat fent dos tallers a la casa de col\u00f2nies amb tem\u00e0tica &#8220;romana&#8221;. Despr\u00e9s, a dinar.. i tornada cap a l&#8217;escola.<\/p>\n<p>Ens ho hem passat genial! Les mestres volem felicitar a tots els nens i nenes que han vingut! S&#8217;han portat molt b\u00e9 i han estat molt divertits\/des i participatius\/ves! Ha estat una escapada genial!!  <\/p>\n<p>Si voleu veure&#8217;n les imatges&#8230; cliqueu a la seg\u00fcent fotografia.<\/p>\n<p><a href=\"https:\/\/drive.google.com\/drive\/folders\/1-72OaFXj0yMH-aZEvmguE7Ro2MoP6DMp?usp=sharing\"><img loading=\"lazy\" decoding=\"async\" class=\"alignnone size-large wp-image-5486\" src=\"https:\/\/agora.xtec.cat\/ceippractiques2-lleida\/wp-content\/uploads\/usu635\/2022\/05\/WhatsApp-Image-2022-05-03-at-20.03.36-1024x768.jpeg\" alt=\"\" width=\"1024\" height=\"768\" srcset=\"https:\/\/agora.xtec.cat\/ceippractiques2-lleida\/wp-content\/uploads\/usu635\/2022\/05\/WhatsApp-Image-2022-05-03-at-20.03.36-1024x768.jpeg 1024w, https:\/\/agora.xtec.cat\/ceippractiques2-lleida\/wp-content\/uploads\/usu635\/2022\/05\/WhatsApp-Image-2022-05-03-at-20.03.36-300x225.jpeg 300w, https:\/\/agora.xtec.cat\/ceippractiques2-lleida\/wp-content\/uploads\/usu635\/2022\/05\/WhatsApp-Image-2022-05-03-at-20.03.36-768x576.jpeg 768w, https:\/\/agora.xtec.cat\/ceippractiques2-lleida\/wp-content\/uploads\/usu635\/2022\/05\/WhatsApp-Image-2022-05-03-at-20.03.36-1536x1152.jpeg 1536w, https:\/\/agora.xtec.cat\/ceippractiques2-lleida\/wp-content\/uploads\/usu635\/2022\/05\/WhatsApp-Image-2022-05-03-at-20.03.36-200x150.jpeg 200w, https:\/\/agora.xtec.cat\/ceippractiques2-lleida\/wp-content\/uploads\/usu635\/2022\/05\/WhatsApp-Image-2022-05-03-at-20.03.36.jpeg 2048w\" sizes=\"auto, (max-width: 1024px) 100vw, 1024px\" \/><\/a><\/p>\n<p>&nbsp;<\/p>\n<p>&nbsp;<\/p>\n","protected":false},"excerpt":{"rendered":"<p>Els dies 3 i 4 de maig, els i les alumnes de 5\u00e8 hem estat gaudint de les conviv\u00e8ncies a la casa de col\u00f2nies de Tamarit.<br \/>\nEl dimarts hem estat de visita per la Tarragona romana, i per la tarda&#8230; hem anat fins a la platja&hellip;  <a href=\"https:\/\/agora.xtec.cat\/ceippractiques2-lleida\/general\/colonies-5e-tarragona-tamarit\/\" title=\"Read Col\u00f2nies 5\u00e8- Tarragona-Tamarit\">Llegeix m\u00e9s\u00bb<\/a><\/p>\n","protected":false},"author":1,"featured_media":0,"comment_status":"open","ping_status":"closed","sticky":false,"template":"","format":"standard","meta":{"_bbp_topic_count":0,"_bbp_reply_count":0,"_bbp_total_topic_count":0,"_bbp_total_reply_count":0,"_bbp_voice_count":0,"_bbp_anonymous_reply_count":0,"_bbp_topic_count_hidden":0,"_bbp_reply_count_hidden":0,"_bbp_forum_subforum_count":0,"footnotes":""},"categories":[1,4],"tags":[],"class_list":["post-5485","post","type-post","status-publish","format-standard","hentry","category-general","category-portada"],"post_mailing_queue_ids":[],"_links":{"self":[{"href":"https:\/\/agora.xtec.cat\/ceippractiques2-lleida\/wp-json\/wp\/v2\/posts\/5485","targetHints":{"allow":["GET"]}}],"collection":[{"href":"https:\/\/agora.xtec.cat\/ceippractiques2-lleida\/wp-json\/wp\/v2\/posts"}],"about":[{"href":"https:\/\/agora.xtec.cat\/ceippractiques2-lleida\/wp-json\/wp\/v2\/types\/post"}],"author":[{"embeddable":true,"href":"https:\/\/agora.xtec.cat\/ceippractiques2-lleida\/wp-json\/wp\/v2\/users\/1"}],"replies":[{"embeddable":true,"href":"https:\/\/agora.xtec.cat\/ceippractiques2-lleida\/wp-json\/wp\/v2\/comments?post=5485"}],"version-history":[{"count":3,"href":"https:\/\/agora.xtec.cat\/ceippractiques2-lleida\/wp-json\/wp\/v2\/posts\/5485\/revisions"}],"predecessor-version":[{"id":5509,"href":"https:\/\/agora.xtec.cat\/ceippractiques2-lleida\/wp-json\/wp\/v2\/posts\/5485\/revisions\/5509"}],"wp:attachment":[{"href":"https:\/\/agora.xtec.cat\/ceippractiques2-lleida\/wp-json\/wp\/v2\/media?parent=5485"}],"wp:term":[{"taxonomy":"category","embeddable":true,"href":"https:\/\/agora.xtec.cat\/ceippractiques2-lleida\/wp-json\/wp\/v2\/categories?post=5485"},{"taxonomy":"post_tag","embeddable":true,"href":"https:\/\/agora.xtec.cat\/ceippractiques2-lleida\/wp-json\/wp\/v2\/tags?post=5485"}],"curies":[{"name":"wp","href":"https:\/\/api.w.org\/{rel}","templated":true}]}}