{"id":5476,"date":"2022-04-28T23:31:38","date_gmt":"2022-04-28T21:31:38","guid":{"rendered":"https:\/\/agora.xtec.cat\/ceippractiques2-lleida\/?p=5476"},"modified":"2022-04-28T23:34:26","modified_gmt":"2022-04-28T21:34:26","slug":"visitem-el-centre-de-recuperacio-de-fauna-de-vallcalent","status":"publish","type":"post","link":"https:\/\/agora.xtec.cat\/ceippractiques2-lleida\/general\/visitem-el-centre-de-recuperacio-de-fauna-de-vallcalent\/","title":{"rendered":"Visitem el Centre de Recuperaci\u00f3 de Fauna de Vallcalent !"},"content":{"rendered":"<p style=\"text-align: left;\">Avui els alumnes de 3r hem visitat el <strong>Centre de Recuperaci\u00f3 de Fauna de Vallcalent, <\/strong>un petit hospital per a la fauna salvatge. Moltes persones que troben animals ferits o malalts al camp els agafen i els porten al centre. Un cop han passat per la infermeria i per les instal\u00b7lacions de recuperaci\u00f3, es tornen un altre cop al seu h\u00e0bitat natural. No obstant, n&#8217;hi ha que es troben en estat cr\u00edtic i no poden tornar-hi, de manera que es queden al centre a viure.<\/p>\n<p style=\"text-align: left;\">Durant la sortida, hem pogut observar diferents esp\u00e8cies d&#8217;animals, majorit\u00e0riament d&#8217;aus salvatges i hem descobert com han anat a parar al centre. Els treballadors del centre ens han explicat les hist\u00f2ries d&#8217;aquests animals i les seves principals caracter\u00edstiques. Ha estat una experi\u00e8ncia molt enriquidora i divertida.<\/p>\n<p><a href=\"https:\/\/photos.app.goo.gl\/LLQYfsT2UrutdSW78\"><img loading=\"lazy\" decoding=\"async\" class=\"alignnone wp-image-5478\" src=\"https:\/\/agora.xtec.cat\/ceippractiques2-lleida\/wp-content\/uploads\/usu635\/2022\/04\/IMG-20220428-WA0004-1024x768.jpg\" alt=\"\" width=\"411\" height=\"308\" srcset=\"https:\/\/agora.xtec.cat\/ceippractiques2-lleida\/wp-content\/uploads\/usu635\/2022\/04\/IMG-20220428-WA0004-1024x768.jpg 1024w, https:\/\/agora.xtec.cat\/ceippractiques2-lleida\/wp-content\/uploads\/usu635\/2022\/04\/IMG-20220428-WA0004-300x225.jpg 300w, https:\/\/agora.xtec.cat\/ceippractiques2-lleida\/wp-content\/uploads\/usu635\/2022\/04\/IMG-20220428-WA0004-768x576.jpg 768w, https:\/\/agora.xtec.cat\/ceippractiques2-lleida\/wp-content\/uploads\/usu635\/2022\/04\/IMG-20220428-WA0004-1536x1152.jpg 1536w, https:\/\/agora.xtec.cat\/ceippractiques2-lleida\/wp-content\/uploads\/usu635\/2022\/04\/IMG-20220428-WA0004-200x150.jpg 200w, https:\/\/agora.xtec.cat\/ceippractiques2-lleida\/wp-content\/uploads\/usu635\/2022\/04\/IMG-20220428-WA0004.jpg 2048w\" sizes=\"auto, (max-width: 411px) 100vw, 411px\" \/><\/a><\/p>\n","protected":false},"excerpt":{"rendered":"<p>Avui els alumnes de 3r hem visitat el Centre de Recuperaci\u00f3 de Fauna de Vallcalent, un petit hospital per a la fauna salvatge. Moltes persones que troben animals ferits o malalts al camp els agafen i els porten al centre. Un cop han passat per&hellip;  <a href=\"https:\/\/agora.xtec.cat\/ceippractiques2-lleida\/general\/visitem-el-centre-de-recuperacio-de-fauna-de-vallcalent\/\" title=\"Read Visitem el Centre de Recuperaci\u00f3 de Fauna de Vallcalent !\">Llegeix m\u00e9s\u00bb<\/a><\/p>\n","protected":false},"author":1,"featured_media":0,"comment_status":"open","ping_status":"closed","sticky":false,"template":"","format":"standard","meta":{"_bbp_topic_count":0,"_bbp_reply_count":0,"_bbp_total_topic_count":0,"_bbp_total_reply_count":0,"_bbp_voice_count":0,"_bbp_anonymous_reply_count":0,"_bbp_topic_count_hidden":0,"_bbp_reply_count_hidden":0,"_bbp_forum_subforum_count":0,"footnotes":""},"categories":[12,5,1,4],"tags":[66,16,72],"class_list":["post-5476","post","type-post","status-publish","format-standard","hentry","category-3r","category-primaria","category-general","category-portada","tag-cicle-mitja","tag-sortides","tag-tercer"],"post_mailing_queue_ids":[],"_links":{"self":[{"href":"https:\/\/agora.xtec.cat\/ceippractiques2-lleida\/wp-json\/wp\/v2\/posts\/5476","targetHints":{"allow":["GET"]}}],"collection":[{"href":"https:\/\/agora.xtec.cat\/ceippractiques2-lleida\/wp-json\/wp\/v2\/posts"}],"about":[{"href":"https:\/\/agora.xtec.cat\/ceippractiques2-lleida\/wp-json\/wp\/v2\/types\/post"}],"author":[{"embeddable":true,"href":"https:\/\/agora.xtec.cat\/ceippractiques2-lleida\/wp-json\/wp\/v2\/users\/1"}],"replies":[{"embeddable":true,"href":"https:\/\/agora.xtec.cat\/ceippractiques2-lleida\/wp-json\/wp\/v2\/comments?post=5476"}],"version-history":[{"count":3,"href":"https:\/\/agora.xtec.cat\/ceippractiques2-lleida\/wp-json\/wp\/v2\/posts\/5476\/revisions"}],"predecessor-version":[{"id":5480,"href":"https:\/\/agora.xtec.cat\/ceippractiques2-lleida\/wp-json\/wp\/v2\/posts\/5476\/revisions\/5480"}],"wp:attachment":[{"href":"https:\/\/agora.xtec.cat\/ceippractiques2-lleida\/wp-json\/wp\/v2\/media?parent=5476"}],"wp:term":[{"taxonomy":"category","embeddable":true,"href":"https:\/\/agora.xtec.cat\/ceippractiques2-lleida\/wp-json\/wp\/v2\/categories?post=5476"},{"taxonomy":"post_tag","embeddable":true,"href":"https:\/\/agora.xtec.cat\/ceippractiques2-lleida\/wp-json\/wp\/v2\/tags?post=5476"}],"curies":[{"name":"wp","href":"https:\/\/api.w.org\/{rel}","templated":true}]}}