{"id":5474,"date":"2022-05-20T08:53:39","date_gmt":"2022-05-20T06:53:39","guid":{"rendered":"https:\/\/agora.xtec.cat\/ceippractiques2-lleida\/?p=5474"},"modified":"2026-02-10T12:30:56","modified_gmt":"2026-02-10T11:30:56","slug":"projecte-de-lhort-a-p3","status":"publish","type":"post","link":"https:\/\/agora.xtec.cat\/ceippractiques2-lleida\/general\/projecte-de-lhort-a-p3\/","title":{"rendered":"PROJECTE DE L&#8217;HORT A P3"},"content":{"rendered":"<p>Al llarg del segon trimestre i comen\u00e7ament del tercer, hem estat treballant a l&#8217;escola el projecte de l&#8217;hort escolar. Hem pogut gaudir molt i hem apr\u00e8s molt sobre aquest. Ens agradaria agrair la participaci\u00f3 de totes les fam\u00edlies, ja que amb la vostra ajuda hem pogut descobrir una gran quantitat de coses. Ens heu portat contes que explicaven com fer un hort a l&#8217;escola i molta m\u00e9s informaci\u00f3, tamb\u00e9 ens heu portat moltes plantes (tomateres, maduixeres, mongeteres, esp\u00e0rrecs, julivert&#8230;), eines per treballar a l&#8217;hort com el rasclet, la pala i la regadora, murals amb informaci\u00f3 molt interessant, jocs sobre l&#8217;hort. I tamb\u00e9 ens heu aportat la vostra experi\u00e8ncia venint a l&#8217;escola i compartint moments amb els vostres fills i filles.<\/p>\n<p style=\"text-align: center;\">PER AIX\u00d2, DES D&#8217;AQU\u00cd, US VOLEM DONAR LES GR\u00c0CIES!<\/p>\n<p style=\"text-align: left;\">Ara us deixem amb un petit recull de les diferents propostes que hem anat fent al llarg del projecte. Esperem que us agradin tant com a nosaltres mentre les f\u00e9iem. Amb elles hem pogut aprendre qu\u00e8 necessita una planta per viure; quin \u00e9s el seu cicle vital; quines eines necessitem per treballar a l&#8217;hort; quina fauna podem trobar entre les hortalisses, fruites i verdures, i quina funci\u00f3 tenen en l&#8217;hort. Tamb\u00e9 hem descobert qu\u00e8 podem plantar en un hort, hem apr\u00e8s a classificar els aliments segons si eren fruites o verdures, i hem conegut quina part de la planta mengem en cada cas.<\/p>\n<p><a href=\"https:\/\/photos.app.goo.gl\/pAY6vxNRbCrDTArk9\" target=\"_blank\" rel=\"noopener\">\u00a0 \u00a0 \u00a0 \u00a0 \u00a0 \u00a0 \u00a0 \u00a0 \u00a0 \u00a0 \u00a0 \u00a0 \u00a0 \u00a0 \u00a0 <\/a><a href=\"https:\/\/photos.app.goo.gl\/7UYtqTZTsNGkZGoF6\" target=\"_blank\" rel=\"noopener\"><img loading=\"lazy\" decoding=\"async\" class=\"alignnone wp-image-5541 size-medium\" src=\"https:\/\/agora.xtec.cat\/ceippractiques2-lleida\/wp-content\/uploads\/usu635\/2022\/05\/P3A-300x225.jpg\" alt=\"\" width=\"300\" height=\"225\" srcset=\"https:\/\/agora.xtec.cat\/ceippractiques2-lleida\/wp-content\/uploads\/usu635\/2022\/05\/P3A-300x225.jpg 300w, https:\/\/agora.xtec.cat\/ceippractiques2-lleida\/wp-content\/uploads\/usu635\/2022\/05\/P3A-768x576.jpg 768w, https:\/\/agora.xtec.cat\/ceippractiques2-lleida\/wp-content\/uploads\/usu635\/2022\/05\/P3A-200x150.jpg 200w, https:\/\/agora.xtec.cat\/ceippractiques2-lleida\/wp-content\/uploads\/usu635\/2022\/05\/P3A.jpg 1024w\" sizes=\"auto, (max-width: 300px) 100vw, 300px\" \/><\/a><a href=\"https:\/\/photos.app.goo.gl\/pAY6vxNRbCrDTArk9\" target=\"_blank\" rel=\"noopener\">\u00a0 \u00a0 \u00a0 \u00a0 \u00a0 \u00a0 <img loading=\"lazy\" decoding=\"async\" class=\"alignnone wp-image-5542 size-medium\" src=\"https:\/\/agora.xtec.cat\/ceippractiques2-lleida\/wp-content\/uploads\/usu635\/2022\/05\/P3B-300x225.jpg\" alt=\"\" width=\"300\" height=\"225\" srcset=\"https:\/\/agora.xtec.cat\/ceippractiques2-lleida\/wp-content\/uploads\/usu635\/2022\/05\/P3B-300x225.jpg 300w, https:\/\/agora.xtec.cat\/ceippractiques2-lleida\/wp-content\/uploads\/usu635\/2022\/05\/P3B-1024x768.jpg 1024w, https:\/\/agora.xtec.cat\/ceippractiques2-lleida\/wp-content\/uploads\/usu635\/2022\/05\/P3B-768x576.jpg 768w, https:\/\/agora.xtec.cat\/ceippractiques2-lleida\/wp-content\/uploads\/usu635\/2022\/05\/P3B-1536x1152.jpg 1536w, https:\/\/agora.xtec.cat\/ceippractiques2-lleida\/wp-content\/uploads\/usu635\/2022\/05\/P3B-200x150.jpg 200w, https:\/\/agora.xtec.cat\/ceippractiques2-lleida\/wp-content\/uploads\/usu635\/2022\/05\/P3B.jpg 1600w\" sizes=\"auto, (max-width: 300px) 100vw, 300px\" \/><\/a><\/p>\n<p>Un dia vam rebre la visita dels iaios de la D\u00e0lia, en Miguel i l&#8217;Adelaida, que ens van ensenyar a plantar a l&#8217;hort. Ens ho vam passar molt b\u00e9, mireu a les fotos!<\/p>\n<p><a href=\"https:\/\/photos.app.goo.gl\/Gx97rAKfCHiTii478\" target=\"_blank\" rel=\"noopener\"><img loading=\"lazy\" decoding=\"async\" class=\"aligncenter wp-image-5540 size-medium\" src=\"https:\/\/agora.xtec.cat\/ceippractiques2-lleida\/wp-content\/uploads\/usu635\/2022\/05\/padrins-dalia-225x300.jpg\" alt=\"\" width=\"225\" height=\"300\" srcset=\"https:\/\/agora.xtec.cat\/ceippractiques2-lleida\/wp-content\/uploads\/usu635\/2022\/05\/padrins-dalia-225x300.jpg 225w, https:\/\/agora.xtec.cat\/ceippractiques2-lleida\/wp-content\/uploads\/usu635\/2022\/05\/padrins-dalia-768x1025.jpg 768w, https:\/\/agora.xtec.cat\/ceippractiques2-lleida\/wp-content\/uploads\/usu635\/2022\/05\/padrins-dalia.jpg 979w\" sizes=\"auto, (max-width: 225px) 100vw, 225px\" \/><\/a><\/p>\n<p>Al projecte, tamb\u00e9 ens ha donat temps de convertir-nos en artistes. No hem dibuixat ni hem pintat, hem fet art d&#8217;una manera diferent i molt divertida. Segur que mai us haur\u00edeu pensat que podriem fer uns quadres tant creatius amb les fruites i les verdures! Ha sigut molt engrescador i esperem que us agradi molt les nostres obres d&#8217;art.<\/p>\n<p><a href=\"https:\/\/photos.app.goo.gl\/vQ8HKD8xJE8DwsCu8\" target=\"_blank\" rel=\"noopener\"><img loading=\"lazy\" decoding=\"async\" class=\"aligncenter wp-image-5539 size-medium\" src=\"https:\/\/agora.xtec.cat\/ceippractiques2-lleida\/wp-content\/uploads\/usu635\/2022\/04\/art-amn-verdures-300x225.jpg\" alt=\"\" width=\"300\" height=\"225\" srcset=\"https:\/\/agora.xtec.cat\/ceippractiques2-lleida\/wp-content\/uploads\/usu635\/2022\/04\/art-amn-verdures-300x225.jpg 300w, https:\/\/agora.xtec.cat\/ceippractiques2-lleida\/wp-content\/uploads\/usu635\/2022\/04\/art-amn-verdures-768x576.jpg 768w, https:\/\/agora.xtec.cat\/ceippractiques2-lleida\/wp-content\/uploads\/usu635\/2022\/04\/art-amn-verdures-200x150.jpg 200w, https:\/\/agora.xtec.cat\/ceippractiques2-lleida\/wp-content\/uploads\/usu635\/2022\/04\/art-amn-verdures.jpg 1024w\" sizes=\"auto, (max-width: 300px) 100vw, 300px\" \/><\/a><\/p>\n<p>Tamb\u00e9 hem fet visites a l&#8217;hort per cuidar-lo i veure com creixia tot el que hav\u00edem plantat amb la resta de nens i nenes de l&#8217;escola. Quina gran experi\u00e8ncia!<\/p>\n<p>Us deixem l&#8217;enlla\u00e7 del joc que hem fet a totes les classes d&#8217;infantil,\u00a0per qu\u00e8\u00a0pugueu fer-lo a casa, podreu aconseguir totes les ins\u00edgnies?<\/p>\n<p><a href=\"https:\/\/view.genial.ly\/62470314fd635a0019b82e71\/interactive-content-lhort\" target=\"_blank\" rel=\"noopener\"><img loading=\"lazy\" decoding=\"async\" class=\"aligncenter wp-image-5561 size-medium\" src=\"https:\/\/agora.xtec.cat\/ceippractiques2-lleida\/wp-content\/uploads\/usu635\/2022\/05\/joc-hort-300x169.jpg\" alt=\"\" width=\"300\" height=\"169\" srcset=\"https:\/\/agora.xtec.cat\/ceippractiques2-lleida\/wp-content\/uploads\/usu635\/2022\/05\/joc-hort-300x169.jpg 300w, https:\/\/agora.xtec.cat\/ceippractiques2-lleida\/wp-content\/uploads\/usu635\/2022\/05\/joc-hort.jpg 565w\" sizes=\"auto, (max-width: 300px) 100vw, 300px\" \/><\/a><\/p>\n<p>Esperem que us agradi i gaudiu tant com ho fem nosaltres.<\/p>\n","protected":false},"excerpt":{"rendered":"<p>Al llarg del segon trimestre i comen\u00e7ament del tercer, hem estat treballant a l&#8217;escola el projecte de l&#8217;hort escolar. Hem pogut gaudir molt i hem apr\u00e8s molt sobre aquest. Ens agradaria agrair la participaci\u00f3 de totes les fam\u00edlies, ja que amb la vostra ajuda hem&hellip;  <a href=\"https:\/\/agora.xtec.cat\/ceippractiques2-lleida\/general\/projecte-de-lhort-a-p3\/\" title=\"Read PROJECTE DE L&#8217;HORT A P3\">Llegeix m\u00e9s\u00bb<\/a><\/p>\n","protected":false},"author":17,"featured_media":5549,"comment_status":"open","ping_status":"closed","sticky":false,"template":"","format":"standard","meta":{"_bbp_topic_count":0,"_bbp_reply_count":0,"_bbp_total_topic_count":0,"_bbp_total_reply_count":0,"_bbp_voice_count":0,"_bbp_anonymous_reply_count":0,"_bbp_topic_count_hidden":0,"_bbp_reply_count_hidden":0,"_bbp_forum_subforum_count":0,"footnotes":""},"categories":[2,1,310,3,4],"tags":[162,211,152,153,163],"class_list":["post-5474","post","type-post","status-publish","format-standard","has-post-thumbnail","hentry","category-infantil","category-general","category-hort","category-i3","category-portada","tag-caragols","tag-hort","tag-p3","tag-projecte","tag-tortugues"],"post_mailing_queue_ids":[],"_links":{"self":[{"href":"https:\/\/agora.xtec.cat\/ceippractiques2-lleida\/wp-json\/wp\/v2\/posts\/5474","targetHints":{"allow":["GET"]}}],"collection":[{"href":"https:\/\/agora.xtec.cat\/ceippractiques2-lleida\/wp-json\/wp\/v2\/posts"}],"about":[{"href":"https:\/\/agora.xtec.cat\/ceippractiques2-lleida\/wp-json\/wp\/v2\/types\/post"}],"author":[{"embeddable":true,"href":"https:\/\/agora.xtec.cat\/ceippractiques2-lleida\/wp-json\/wp\/v2\/users\/17"}],"replies":[{"embeddable":true,"href":"https:\/\/agora.xtec.cat\/ceippractiques2-lleida\/wp-json\/wp\/v2\/comments?post=5474"}],"version-history":[{"count":3,"href":"https:\/\/agora.xtec.cat\/ceippractiques2-lleida\/wp-json\/wp\/v2\/posts\/5474\/revisions"}],"predecessor-version":[{"id":5562,"href":"https:\/\/agora.xtec.cat\/ceippractiques2-lleida\/wp-json\/wp\/v2\/posts\/5474\/revisions\/5562"}],"wp:featuredmedia":[{"embeddable":true,"href":"https:\/\/agora.xtec.cat\/ceippractiques2-lleida\/wp-json\/wp\/v2\/media\/5549"}],"wp:attachment":[{"href":"https:\/\/agora.xtec.cat\/ceippractiques2-lleida\/wp-json\/wp\/v2\/media?parent=5474"}],"wp:term":[{"taxonomy":"category","embeddable":true,"href":"https:\/\/agora.xtec.cat\/ceippractiques2-lleida\/wp-json\/wp\/v2\/categories?post=5474"},{"taxonomy":"post_tag","embeddable":true,"href":"https:\/\/agora.xtec.cat\/ceippractiques2-lleida\/wp-json\/wp\/v2\/tags?post=5474"}],"curies":[{"name":"wp","href":"https:\/\/api.w.org\/{rel}","templated":true}]}}