{"id":5467,"date":"2022-04-27T13:00:16","date_gmt":"2022-04-27T11:00:16","guid":{"rendered":"https:\/\/agora.xtec.cat\/ceippractiques2-lleida\/?p=5467"},"modified":"2022-04-27T13:00:16","modified_gmt":"2022-04-27T11:00:16","slug":"aprenem-a-circular","status":"publish","type":"post","link":"https:\/\/agora.xtec.cat\/ceippractiques2-lleida\/portada\/aprenem-a-circular\/","title":{"rendered":"APRENEM A CIRCULAR!!!"},"content":{"rendered":"<p>Els alumnes de 3r ahir vam visitar el circuit que ens tenia preparat la Gu\u00e0rdia Urbana de Lleida. Gr\u00e0cies a aquesta experi\u00e8ncia hem portat a la pr\u00e0ctica la teoria sobre l&#8217;educaci\u00f3 vi\u00e0ria i els senyals de tr\u00e0nsit. A m\u00e9s, hem apr\u00e8s moltes coses sobre com circular en bicicleta o b\u00e9, com a vianants, ens ho hem passat molt b\u00e9!<\/p>\n<p><strong>FOTOS 3r A<\/strong><\/p>\n<p><a href=\"https:\/\/photos.app.goo.gl\/zGRqNDrZkX8QKf346\"><img loading=\"lazy\" decoding=\"async\" class=\"alignnone wp-image-5468 size-full\" src=\"https:\/\/agora.xtec.cat\/ceippractiques2-lleida\/wp-content\/uploads\/usu635\/2022\/04\/IMG_3892.jpg\" alt=\"\" width=\"461\" height=\"346\" srcset=\"https:\/\/agora.xtec.cat\/ceippractiques2-lleida\/wp-content\/uploads\/usu635\/2022\/04\/IMG_3892.jpg 461w, https:\/\/agora.xtec.cat\/ceippractiques2-lleida\/wp-content\/uploads\/usu635\/2022\/04\/IMG_3892-300x225.jpg 300w, https:\/\/agora.xtec.cat\/ceippractiques2-lleida\/wp-content\/uploads\/usu635\/2022\/04\/IMG_3892-200x150.jpg 200w\" sizes=\"auto, (max-width: 461px) 100vw, 461px\" \/><\/a><\/p>\n<p><strong>FOTOS 3r B<\/strong><\/p>\n<p><a href=\"https:\/\/photos.app.goo.gl\/yJyiHCX7v9fuebB37\"><img loading=\"lazy\" decoding=\"async\" class=\"alignnone wp-image-5469\" src=\"https:\/\/agora.xtec.cat\/ceippractiques2-lleida\/wp-content\/uploads\/usu635\/2022\/04\/IMG_20220425_155736-1024x768.jpg\" alt=\"\" width=\"474\" height=\"355\" srcset=\"https:\/\/agora.xtec.cat\/ceippractiques2-lleida\/wp-content\/uploads\/usu635\/2022\/04\/IMG_20220425_155736-1024x768.jpg 1024w, https:\/\/agora.xtec.cat\/ceippractiques2-lleida\/wp-content\/uploads\/usu635\/2022\/04\/IMG_20220425_155736-300x225.jpg 300w, https:\/\/agora.xtec.cat\/ceippractiques2-lleida\/wp-content\/uploads\/usu635\/2022\/04\/IMG_20220425_155736-768x576.jpg 768w, https:\/\/agora.xtec.cat\/ceippractiques2-lleida\/wp-content\/uploads\/usu635\/2022\/04\/IMG_20220425_155736-1536x1152.jpg 1536w, https:\/\/agora.xtec.cat\/ceippractiques2-lleida\/wp-content\/uploads\/usu635\/2022\/04\/IMG_20220425_155736-2048x1537.jpg 2048w, https:\/\/agora.xtec.cat\/ceippractiques2-lleida\/wp-content\/uploads\/usu635\/2022\/04\/IMG_20220425_155736-200x150.jpg 200w\" sizes=\"auto, (max-width: 474px) 100vw, 474px\" \/><\/a><\/p>\n","protected":false},"excerpt":{"rendered":"<p>Els alumnes de 3r ahir vam visitar el circuit que ens tenia preparat la Gu\u00e0rdia Urbana de Lleida. Gr\u00e0cies a aquesta experi\u00e8ncia hem portat a la pr\u00e0ctica la teoria sobre l&#8217;educaci\u00f3 vi\u00e0ria i els senyals de tr\u00e0nsit. A m\u00e9s, hem apr\u00e8s moltes coses sobre com&hellip;  <a href=\"https:\/\/agora.xtec.cat\/ceippractiques2-lleida\/portada\/aprenem-a-circular\/\" title=\"Read APRENEM A CIRCULAR!!!\">Llegeix m\u00e9s\u00bb<\/a><\/p>\n","protected":false},"author":1,"featured_media":5468,"comment_status":"open","ping_status":"closed","sticky":false,"template":"","format":"standard","meta":{"_bbp_topic_count":0,"_bbp_reply_count":0,"_bbp_total_topic_count":0,"_bbp_total_reply_count":0,"_bbp_voice_count":0,"_bbp_anonymous_reply_count":0,"_bbp_topic_count_hidden":0,"_bbp_reply_count_hidden":0,"_bbp_forum_subforum_count":0,"footnotes":""},"categories":[12,5,4],"tags":[66,71,72],"class_list":["post-5467","post","type-post","status-publish","format-standard","has-post-thumbnail","hentry","category-3r","category-primaria","category-portada","tag-cicle-mitja","tag-sortida","tag-tercer"],"post_mailing_queue_ids":[],"_links":{"self":[{"href":"https:\/\/agora.xtec.cat\/ceippractiques2-lleida\/wp-json\/wp\/v2\/posts\/5467","targetHints":{"allow":["GET"]}}],"collection":[{"href":"https:\/\/agora.xtec.cat\/ceippractiques2-lleida\/wp-json\/wp\/v2\/posts"}],"about":[{"href":"https:\/\/agora.xtec.cat\/ceippractiques2-lleida\/wp-json\/wp\/v2\/types\/post"}],"author":[{"embeddable":true,"href":"https:\/\/agora.xtec.cat\/ceippractiques2-lleida\/wp-json\/wp\/v2\/users\/1"}],"replies":[{"embeddable":true,"href":"https:\/\/agora.xtec.cat\/ceippractiques2-lleida\/wp-json\/wp\/v2\/comments?post=5467"}],"version-history":[{"count":1,"href":"https:\/\/agora.xtec.cat\/ceippractiques2-lleida\/wp-json\/wp\/v2\/posts\/5467\/revisions"}],"predecessor-version":[{"id":5470,"href":"https:\/\/agora.xtec.cat\/ceippractiques2-lleida\/wp-json\/wp\/v2\/posts\/5467\/revisions\/5470"}],"wp:featuredmedia":[{"embeddable":true,"href":"https:\/\/agora.xtec.cat\/ceippractiques2-lleida\/wp-json\/wp\/v2\/media\/5468"}],"wp:attachment":[{"href":"https:\/\/agora.xtec.cat\/ceippractiques2-lleida\/wp-json\/wp\/v2\/media?parent=5467"}],"wp:term":[{"taxonomy":"category","embeddable":true,"href":"https:\/\/agora.xtec.cat\/ceippractiques2-lleida\/wp-json\/wp\/v2\/categories?post=5467"},{"taxonomy":"post_tag","embeddable":true,"href":"https:\/\/agora.xtec.cat\/ceippractiques2-lleida\/wp-json\/wp\/v2\/tags?post=5467"}],"curies":[{"name":"wp","href":"https:\/\/api.w.org\/{rel}","templated":true}]}}