{"id":5461,"date":"2022-04-27T12:32:48","date_gmt":"2022-04-27T10:32:48","guid":{"rendered":"https:\/\/agora.xtec.cat\/ceippractiques2-lleida\/?p=5461"},"modified":"2022-04-27T12:37:08","modified_gmt":"2022-04-27T10:37:08","slug":"ja-tenim-les-nostres-olibes","status":"publish","type":"post","link":"https:\/\/agora.xtec.cat\/ceippractiques2-lleida\/portada\/ja-tenim-les-nostres-olibes\/","title":{"rendered":"Ja tenim les nostres \u00f2libes!"},"content":{"rendered":"<p>Els nens i nenes de 3r el passat mes de mar\u00e7 van visitar Verd\u00fa per endinsar-se en els diferents racons de l&#8217;edifici m\u00e9s emblem\u00e0tic del poble, el castell.\u00a0 Quina passada! A m\u00e9s, els alumnes van realitzar un taller molt divertit amb l&#8217; Enric i la Francina. Tots dos s\u00f3n terrissaires i van explicar-nos com treballen i com funciona un torn per fer c\u00e0ntirs.\u00a0 Vam descobrir que a Verd\u00fa \u00e9s t\u00edpica la cer\u00e0mica negra ( cuita amb llenya i \u00e9s el fum qui li d\u00f3na el color) i \u00e9s un s\u00edmbol identificatiu de la poblaci\u00f3. Tot l&#8217;alumnat va tenir l&#8217;oportunitat d&#8217;elaborar una \u00f2liba s\u00faper xula, que ens han fet arribar aquesta setmana\u00a0 cuita.<\/p>\n<p>Mireu quines fotos m\u00e9s boniques!<\/p>\n<p><a href=\"https:\/\/photos.app.goo.gl\/Qt5ZM444EjKkfFQa8\"><img loading=\"lazy\" decoding=\"async\" class=\"alignnone wp-image-5463\" src=\"https:\/\/agora.xtec.cat\/ceippractiques2-lleida\/wp-content\/uploads\/usu635\/2022\/04\/IMG_20220401_125810-769x1024.jpg\" alt=\"\" width=\"376\" height=\"501\" srcset=\"https:\/\/agora.xtec.cat\/ceippractiques2-lleida\/wp-content\/uploads\/usu635\/2022\/04\/IMG_20220401_125810-769x1024.jpg 769w, https:\/\/agora.xtec.cat\/ceippractiques2-lleida\/wp-content\/uploads\/usu635\/2022\/04\/IMG_20220401_125810-225x300.jpg 225w, https:\/\/agora.xtec.cat\/ceippractiques2-lleida\/wp-content\/uploads\/usu635\/2022\/04\/IMG_20220401_125810-768x1022.jpg 768w, https:\/\/agora.xtec.cat\/ceippractiques2-lleida\/wp-content\/uploads\/usu635\/2022\/04\/IMG_20220401_125810-1154x1536.jpg 1154w, https:\/\/agora.xtec.cat\/ceippractiques2-lleida\/wp-content\/uploads\/usu635\/2022\/04\/IMG_20220401_125810-1538x2048.jpg 1538w, https:\/\/agora.xtec.cat\/ceippractiques2-lleida\/wp-content\/uploads\/usu635\/2022\/04\/IMG_20220401_125810.jpg 1848w\" sizes=\"auto, (max-width: 376px) 100vw, 376px\" \/><\/a><\/p>\n","protected":false},"excerpt":{"rendered":"<p>Els nens i nenes de 3r el passat mes de mar\u00e7 van visitar Verd\u00fa per endinsar-se en els diferents racons de l&#8217;edifici m\u00e9s emblem\u00e0tic del poble, el castell.\u00a0 Quina passada! A m\u00e9s, els alumnes van realitzar un taller molt divertit amb l&#8217; Enric i la&hellip;  <a href=\"https:\/\/agora.xtec.cat\/ceippractiques2-lleida\/portada\/ja-tenim-les-nostres-olibes\/\" title=\"Read Ja tenim les nostres \u00f2libes!\">Llegeix m\u00e9s\u00bb<\/a><\/p>\n","protected":false},"author":1,"featured_media":5463,"comment_status":"open","ping_status":"closed","sticky":false,"template":"","format":"standard","meta":{"_bbp_topic_count":0,"_bbp_reply_count":0,"_bbp_total_topic_count":0,"_bbp_total_reply_count":0,"_bbp_voice_count":0,"_bbp_anonymous_reply_count":0,"_bbp_topic_count_hidden":0,"_bbp_reply_count_hidden":0,"_bbp_forum_subforum_count":0,"footnotes":""},"categories":[12,5,4],"tags":[66,16],"class_list":["post-5461","post","type-post","status-publish","format-standard","has-post-thumbnail","hentry","category-3r","category-primaria","category-portada","tag-cicle-mitja","tag-sortides"],"post_mailing_queue_ids":[],"_links":{"self":[{"href":"https:\/\/agora.xtec.cat\/ceippractiques2-lleida\/wp-json\/wp\/v2\/posts\/5461","targetHints":{"allow":["GET"]}}],"collection":[{"href":"https:\/\/agora.xtec.cat\/ceippractiques2-lleida\/wp-json\/wp\/v2\/posts"}],"about":[{"href":"https:\/\/agora.xtec.cat\/ceippractiques2-lleida\/wp-json\/wp\/v2\/types\/post"}],"author":[{"embeddable":true,"href":"https:\/\/agora.xtec.cat\/ceippractiques2-lleida\/wp-json\/wp\/v2\/users\/1"}],"replies":[{"embeddable":true,"href":"https:\/\/agora.xtec.cat\/ceippractiques2-lleida\/wp-json\/wp\/v2\/comments?post=5461"}],"version-history":[{"count":3,"href":"https:\/\/agora.xtec.cat\/ceippractiques2-lleida\/wp-json\/wp\/v2\/posts\/5461\/revisions"}],"predecessor-version":[{"id":5466,"href":"https:\/\/agora.xtec.cat\/ceippractiques2-lleida\/wp-json\/wp\/v2\/posts\/5461\/revisions\/5466"}],"wp:featuredmedia":[{"embeddable":true,"href":"https:\/\/agora.xtec.cat\/ceippractiques2-lleida\/wp-json\/wp\/v2\/media\/5463"}],"wp:attachment":[{"href":"https:\/\/agora.xtec.cat\/ceippractiques2-lleida\/wp-json\/wp\/v2\/media?parent=5461"}],"wp:term":[{"taxonomy":"category","embeddable":true,"href":"https:\/\/agora.xtec.cat\/ceippractiques2-lleida\/wp-json\/wp\/v2\/categories?post=5461"},{"taxonomy":"post_tag","embeddable":true,"href":"https:\/\/agora.xtec.cat\/ceippractiques2-lleida\/wp-json\/wp\/v2\/tags?post=5461"}],"curies":[{"name":"wp","href":"https:\/\/api.w.org\/{rel}","templated":true}]}}