{"id":5446,"date":"2022-05-19T17:52:58","date_gmt":"2022-05-19T15:52:58","guid":{"rendered":"https:\/\/agora.xtec.cat\/ceippractiques2-lleida\/?p=5446"},"modified":"2026-02-10T12:31:11","modified_gmt":"2026-02-10T11:31:11","slug":"projecte-de-lhort-a-les-aules-de-p4","status":"publish","type":"post","link":"https:\/\/agora.xtec.cat\/ceippractiques2-lleida\/general\/projecte-de-lhort-a-les-aules-de-p4\/","title":{"rendered":"PROJECTE DE L&#8217;HORT A LES AULES DE P4"},"content":{"rendered":"<p>Al llarg del segon trimestre i inici d&#8217;aquest nou trimestre, ja sabeu que hem estat treballant el projecte de l&#8217;hort a l&#8217;escola. Ens agradaria molt\u00edssim agrair la participaci\u00f3 de totes i cadascuna de les fam\u00edlies, ja que amb la vostra col\u00b7laboraci\u00f3 ha estat tot un \u00e8xit. Ens heu aportat materials diversos com diferents llavors (pastanaga, s\u00edndria, tomates, carabassa, flors de colors&#8230;..), petites eines per treballar a l&#8217;hort, murals preciosos, puzzles de l&#8217;hort, molts contes i llibres dels hort i jardins. Ens heu aportat la vostra experi\u00e8ncia venint a l&#8217;escola i participant en diferents activitats.<\/p>\n<p style=\"text-align: center;\">PER TOT AIX\u00d2 US DONEM LES GR\u00c0CIES FAM\u00cdLIES<\/p>\n<p>Tot seguit us farem un petit recull de totes les coses que hem anat fent a l&#8217;escola sobre el projecte. Els vostres fills i filles han fet una gran feina, han descobert com es treballar en un hort i quines tasques s&#8217;han de realitzar: plantar, remoure la terra, regar&#8230;.s&#8217;ho han passat pipa. Tamb\u00e9 han descobert el m\u00f3n tant ampli de les llavors i fins i tot han cuidat una mongetera que ells van plantar a l&#8217;aula i com ja sabeu, us va arribar a casa.<\/p>\n<p><strong>AULA DELS CAVALLS\u00a0 \u00a0 \u00a0 \u00a0 \u00a0 \u00a0 \u00a0 \u00a0 \u00a0 \u00a0 \u00a0 \u00a0 \u00a0 \u00a0 \u00a0 \u00a0 \u00a0 \u00a0 \u00a0 \u00a0 \u00a0 \u00a0 \u00a0AULA DELS \u00c0NECS<\/strong><\/p>\n<p><a href=\"https:\/\/photos.app.goo.gl\/PDK41eR53D1EnGW49\"><img loading=\"lazy\" decoding=\"async\" class=\"alignnone wp-image-5447\" src=\"https:\/\/agora.xtec.cat\/ceippractiques2-lleida\/wp-content\/uploads\/usu635\/2022\/04\/foto-article-antonella.jpg\" alt=\"\" width=\"225\" height=\"126\" srcset=\"https:\/\/agora.xtec.cat\/ceippractiques2-lleida\/wp-content\/uploads\/usu635\/2022\/04\/foto-article-antonella.jpg 768w, https:\/\/agora.xtec.cat\/ceippractiques2-lleida\/wp-content\/uploads\/usu635\/2022\/04\/foto-article-antonella-300x169.jpg 300w\" sizes=\"auto, (max-width: 225px) 100vw, 225px\" \/>\u00a0\u00a0\u00a0\u00a0\u00a0\u00a0\u00a0\u00a0\u00a0\u00a0\u00a0\u00a0\u00a0\u00a0\u00a0\u00a0\u00a0\u00a0\u00a0\u00a0\u00a0\u00a0\u00a0\u00a0\u00a0 <\/a><a href=\"https:\/\/photos.app.goo.gl\/tiv6JraAKjwrLP718\"><img loading=\"lazy\" decoding=\"async\" class=\"alignnone wp-image-5449\" src=\"https:\/\/agora.xtec.cat\/ceippractiques2-lleida\/wp-content\/uploads\/usu635\/2022\/04\/FOTO-NOA-ARTICLE.jpeg\" alt=\"\" width=\"130\" height=\"173\" srcset=\"https:\/\/agora.xtec.cat\/ceippractiques2-lleida\/wp-content\/uploads\/usu635\/2022\/04\/FOTO-NOA-ARTICLE.jpeg 576w, https:\/\/agora.xtec.cat\/ceippractiques2-lleida\/wp-content\/uploads\/usu635\/2022\/04\/FOTO-NOA-ARTICLE-225x300.jpeg 225w\" sizes=\"auto, (max-width: 130px) 100vw, 130px\" \/><\/a><\/p>\n<p>Algun dia hem rebut la visita de familiar a l&#8217;escola que ens han ajudat a plantar a l&#8217;hort o ha fer diferents activitats relacionades amb el m\u00f3n de l&#8217;hort escolar. Ens ho vam passar pipa. teniu ganes de veure-ho !!!!!!!!!!<\/p>\n<p><strong>LA PEPITA, PADRINA DE L&#8217;AINET<\/strong><\/p>\n<p><a href=\"https:\/\/photos.app.goo.gl\/yTdZEh3JRmyjywj56\"><img loading=\"lazy\" decoding=\"async\" class=\"alignnone wp-image-5450\" src=\"https:\/\/agora.xtec.cat\/ceippractiques2-lleida\/wp-content\/uploads\/usu635\/2022\/04\/LA-PETITA-1.jpg\" alt=\"\" width=\"505\" height=\"284\" srcset=\"https:\/\/agora.xtec.cat\/ceippractiques2-lleida\/wp-content\/uploads\/usu635\/2022\/04\/LA-PETITA-1.jpg 768w, https:\/\/agora.xtec.cat\/ceippractiques2-lleida\/wp-content\/uploads\/usu635\/2022\/04\/LA-PETITA-1-300x169.jpg 300w\" sizes=\"auto, (max-width: 505px) 100vw, 505px\" \/><\/a><\/p>\n<p><strong>L&#8217;\u00c0NGEL, EL PADR\u00cd DE LA NOA I L&#8217;ASHLY<\/strong><\/p>\n<p><a href=\"https:\/\/photos.app.goo.gl\/t4JN2ipTqxzCyESJA\"><img loading=\"lazy\" decoding=\"async\" class=\"alignnone wp-image-5452\" src=\"https:\/\/agora.xtec.cat\/ceippractiques2-lleida\/wp-content\/uploads\/usu635\/2022\/04\/ANGEL.jpg\" alt=\"\" width=\"501\" height=\"282\" srcset=\"https:\/\/agora.xtec.cat\/ceippractiques2-lleida\/wp-content\/uploads\/usu635\/2022\/04\/ANGEL.jpg 768w, https:\/\/agora.xtec.cat\/ceippractiques2-lleida\/wp-content\/uploads\/usu635\/2022\/04\/ANGEL-300x169.jpg 300w\" sizes=\"auto, (max-width: 501px) 100vw, 501px\" \/><\/a><\/p>\n<p><strong>VISITA DE LA LIDIA I LA LAURA, MARES DE IAN I AFRICA<\/strong><\/p>\n<p><a href=\"https:\/\/photos.app.goo.gl\/73RNQbm3v6PcAD8h6\"><img loading=\"lazy\" decoding=\"async\" class=\"alignnone wp-image-5453\" src=\"https:\/\/agora.xtec.cat\/ceippractiques2-lleida\/wp-content\/uploads\/usu635\/2022\/04\/AFRICA-I-IAN.jpeg\" alt=\"\" width=\"443\" height=\"332\" srcset=\"https:\/\/agora.xtec.cat\/ceippractiques2-lleida\/wp-content\/uploads\/usu635\/2022\/04\/AFRICA-I-IAN.jpeg 768w, https:\/\/agora.xtec.cat\/ceippractiques2-lleida\/wp-content\/uploads\/usu635\/2022\/04\/AFRICA-I-IAN-300x225.jpeg 300w, https:\/\/agora.xtec.cat\/ceippractiques2-lleida\/wp-content\/uploads\/usu635\/2022\/04\/AFRICA-I-IAN-200x150.jpeg 200w\" sizes=\"auto, (max-width: 443px) 100vw, 443px\" \/><\/a><\/p>\n<p>A l&#8217;aula tamb\u00e9 hem fet d&#8217;artistes. Ara b\u00e9, d&#8217;artistes una mica especials i molt per\u00f2 que molt divertits. Ara veureu perqu\u00e8, els nostres petits artistes van utilitzar una t\u00e8cnica ben diferents amb materials pocs corrents&#8230; b\u00e9&#8230;. poc corrents per fer un quadre, vam utilitzar verdures de molts tipus. quin disbarat, oi?????? Aqu\u00ed teniu les nostres obres d&#8217;art. ESPEREM QUE LES TROBEU MOLT DIVERTIDES<\/p>\n<p><strong>CLASSE DELS \u00c0NECS\u00a0 \u00a0 \u00a0 \u00a0 \u00a0 \u00a0 \u00a0 \u00a0 \u00a0CLASSE DELS CAVALLS<\/strong><\/p>\n<p><a href=\"https:\/\/photos.app.goo.gl\/uuTTrui5eTmNqbyDA\"><img loading=\"lazy\" decoding=\"async\" class=\"alignnone wp-image-5457\" src=\"https:\/\/agora.xtec.cat\/ceippractiques2-lleida\/wp-content\/uploads\/usu635\/2022\/04\/WhatsApp-Image-2022-03-29-at-6.33.36-PM-3.jpeg\" alt=\"\" width=\"200\" height=\"150\" srcset=\"https:\/\/agora.xtec.cat\/ceippractiques2-lleida\/wp-content\/uploads\/usu635\/2022\/04\/WhatsApp-Image-2022-03-29-at-6.33.36-PM-3.jpeg 768w, https:\/\/agora.xtec.cat\/ceippractiques2-lleida\/wp-content\/uploads\/usu635\/2022\/04\/WhatsApp-Image-2022-03-29-at-6.33.36-PM-3-300x225.jpeg 300w, https:\/\/agora.xtec.cat\/ceippractiques2-lleida\/wp-content\/uploads\/usu635\/2022\/04\/WhatsApp-Image-2022-03-29-at-6.33.36-PM-3-200x150.jpeg 200w\" sizes=\"auto, (max-width: 200px) 100vw, 200px\" \/>\u00a0\u00a0\u00a0\u00a0\u00a0\u00a0\u00a0\u00a0\u00a0\u00a0\u00a0 <\/a><a href=\"https:\/\/photos.app.goo.gl\/MnmMZ5ae6LQhck4m7\"><img loading=\"lazy\" decoding=\"async\" class=\"alignnone wp-image-5458\" src=\"https:\/\/agora.xtec.cat\/ceippractiques2-lleida\/wp-content\/uploads\/usu635\/2022\/04\/20220325_100315.jpg\" alt=\"\" width=\"237\" height=\"133\" srcset=\"https:\/\/agora.xtec.cat\/ceippractiques2-lleida\/wp-content\/uploads\/usu635\/2022\/04\/20220325_100315.jpg 768w, https:\/\/agora.xtec.cat\/ceippractiques2-lleida\/wp-content\/uploads\/usu635\/2022\/04\/20220325_100315-300x169.jpg 300w\" sizes=\"auto, (max-width: 237px) 100vw, 237px\" \/><\/a><\/p>\n<p>Els vostres fills\/es tamb\u00e9 han fet de petits pagesos, per\u00f2 aix\u00f2 ho descobrireu amb el lapbook que us arribar\u00e0 a casa.<\/p>\n<p>Per acabar us deixem un enlla\u00e7 on trobareu el nostre JOC DE L&#8217;HORT esperem que en gaudiu molt tot jugant. Cliqueu damunt de la imatge del joc.<\/p>\n<p><a href=\"https:\/\/view.genial.ly\/62470314fd635a0019b82e71\/interactive-content-lhort\"><img loading=\"lazy\" decoding=\"async\" class=\"alignnone wp-image-5557\" src=\"https:\/\/agora.xtec.cat\/ceippractiques2-lleida\/wp-content\/uploads\/usu635\/2022\/05\/Sin-titulo-1024x584.jpg\" alt=\"\" width=\"446\" height=\"254\" srcset=\"https:\/\/agora.xtec.cat\/ceippractiques2-lleida\/wp-content\/uploads\/usu635\/2022\/05\/Sin-titulo-1024x584.jpg 1024w, https:\/\/agora.xtec.cat\/ceippractiques2-lleida\/wp-content\/uploads\/usu635\/2022\/05\/Sin-titulo-300x171.jpg 300w, https:\/\/agora.xtec.cat\/ceippractiques2-lleida\/wp-content\/uploads\/usu635\/2022\/05\/Sin-titulo-768x438.jpg 768w, https:\/\/agora.xtec.cat\/ceippractiques2-lleida\/wp-content\/uploads\/usu635\/2022\/05\/Sin-titulo.jpg 1260w\" sizes=\"auto, (max-width: 446px) 100vw, 446px\" \/><\/a><\/p>\n<p>Esperem que us agradi i gaudiu tant com ho fem nosaltres. Fins aviat<\/p>\n<p>&nbsp;<\/p>\n","protected":false},"excerpt":{"rendered":"<p>Al llarg del segon trimestre i inici d&#8217;aquest nou trimestre, ja sabeu que hem estat treballant el projecte de l&#8217;hort a l&#8217;escola. Ens agradaria molt\u00edssim agrair la participaci\u00f3 de totes i cadascuna de les fam\u00edlies, ja que amb la vostra col\u00b7laboraci\u00f3 ha estat tot un&hellip;  <a href=\"https:\/\/agora.xtec.cat\/ceippractiques2-lleida\/general\/projecte-de-lhort-a-les-aules-de-p4\/\" title=\"Read PROJECTE DE L&#8217;HORT A LES AULES DE P4\">Llegeix m\u00e9s\u00bb<\/a><\/p>\n","protected":false},"author":22,"featured_media":5457,"comment_status":"open","ping_status":"closed","sticky":false,"template":"","format":"standard","meta":{"_bbp_topic_count":0,"_bbp_reply_count":0,"_bbp_total_topic_count":0,"_bbp_total_reply_count":0,"_bbp_voice_count":0,"_bbp_anonymous_reply_count":0,"_bbp_topic_count_hidden":0,"_bbp_reply_count_hidden":0,"_bbp_forum_subforum_count":0,"footnotes":""},"categories":[2,1,310,8,4],"tags":[],"class_list":["post-5446","post","type-post","status-publish","format-standard","has-post-thumbnail","hentry","category-infantil","category-general","category-hort","category-i4","category-portada"],"post_mailing_queue_ids":[],"_links":{"self":[{"href":"https:\/\/agora.xtec.cat\/ceippractiques2-lleida\/wp-json\/wp\/v2\/posts\/5446","targetHints":{"allow":["GET"]}}],"collection":[{"href":"https:\/\/agora.xtec.cat\/ceippractiques2-lleida\/wp-json\/wp\/v2\/posts"}],"about":[{"href":"https:\/\/agora.xtec.cat\/ceippractiques2-lleida\/wp-json\/wp\/v2\/types\/post"}],"author":[{"embeddable":true,"href":"https:\/\/agora.xtec.cat\/ceippractiques2-lleida\/wp-json\/wp\/v2\/users\/22"}],"replies":[{"embeddable":true,"href":"https:\/\/agora.xtec.cat\/ceippractiques2-lleida\/wp-json\/wp\/v2\/comments?post=5446"}],"version-history":[{"count":3,"href":"https:\/\/agora.xtec.cat\/ceippractiques2-lleida\/wp-json\/wp\/v2\/posts\/5446\/revisions"}],"predecessor-version":[{"id":5563,"href":"https:\/\/agora.xtec.cat\/ceippractiques2-lleida\/wp-json\/wp\/v2\/posts\/5446\/revisions\/5563"}],"wp:featuredmedia":[{"embeddable":true,"href":"https:\/\/agora.xtec.cat\/ceippractiques2-lleida\/wp-json\/wp\/v2\/media\/5457"}],"wp:attachment":[{"href":"https:\/\/agora.xtec.cat\/ceippractiques2-lleida\/wp-json\/wp\/v2\/media?parent=5446"}],"wp:term":[{"taxonomy":"category","embeddable":true,"href":"https:\/\/agora.xtec.cat\/ceippractiques2-lleida\/wp-json\/wp\/v2\/categories?post=5446"},{"taxonomy":"post_tag","embeddable":true,"href":"https:\/\/agora.xtec.cat\/ceippractiques2-lleida\/wp-json\/wp\/v2\/tags?post=5446"}],"curies":[{"name":"wp","href":"https:\/\/api.w.org\/{rel}","templated":true}]}}