{"id":5436,"date":"2022-04-21T13:01:08","date_gmt":"2022-04-21T11:01:08","guid":{"rendered":"https:\/\/agora.xtec.cat\/ceippractiques2-lleida\/?p=5436"},"modified":"2022-04-21T13:06:37","modified_gmt":"2022-04-21T11:06:37","slug":"cicle-inicial-ha-anat-de-colonies-a-tamarit","status":"publish","type":"post","link":"https:\/\/agora.xtec.cat\/ceippractiques2-lleida\/general\/cicle-inicial-ha-anat-de-colonies-a-tamarit\/","title":{"rendered":"CICLE INICIAL HA ANAT DE COL\u00d2NIES A TAMARIT"},"content":{"rendered":"<p style=\"font-family: 'Helvetica Neue', Helvetica, Helvetica, Arial, sans-serif; font-size: 16px;\">Els nens i nenes de cicle inicial hem anat de col\u00f2nies a la finca Tamarit. Voleu saber qu\u00e8 hem fet? Hem pogut gaudir d&#8217;una experi\u00e8ncia \u00fanica. Ahir dimecres vam anar d&#8217;excursi\u00f3 a la platja on vam poder jugar i fer jocs esportius a la sorra, i fins i tot mullar-nos els peus a l&#8217;aigua (estava fresqueta). Quan vam acabar les activitats vam aconseguir trobar el tresor dels pirates Puntamora i Mitjalluna. Despr\u00e9s de sopar, ens van explicar una historieta d&#8217;uns pirates i vam anar a descansar.<\/p>\n<p>Avui dijous, hem fet unes manualitats amb purpurina i plastilina, ja que avui la pluja ha vingut a les col\u00f2nies. Ja ho tenim tot preparat per tornar despr\u00e9s de dinar. Ens veiem en una estona! Una abra\u00e7ada fam\u00edlia.<\/p>\n<p><a href=\"https:\/\/photos.app.goo.gl\/keb8ayw6xR6vDH1x9\" target=\"_blank\" rel=\"noopener\"><img loading=\"lazy\" decoding=\"async\" class=\"wp-image-5437 aligncenter\" src=\"https:\/\/agora.xtec.cat\/ceippractiques2-lleida\/wp-content\/uploads\/usu635\/2022\/04\/portada-colonies.jpeg\" alt=\"\" width=\"569\" height=\"426\" srcset=\"https:\/\/agora.xtec.cat\/ceippractiques2-lleida\/wp-content\/uploads\/usu635\/2022\/04\/portada-colonies.jpeg 1024w, https:\/\/agora.xtec.cat\/ceippractiques2-lleida\/wp-content\/uploads\/usu635\/2022\/04\/portada-colonies-300x225.jpeg 300w, https:\/\/agora.xtec.cat\/ceippractiques2-lleida\/wp-content\/uploads\/usu635\/2022\/04\/portada-colonies-768x576.jpeg 768w, https:\/\/agora.xtec.cat\/ceippractiques2-lleida\/wp-content\/uploads\/usu635\/2022\/04\/portada-colonies-200x150.jpeg 200w\" sizes=\"auto, (max-width: 569px) 100vw, 569px\" \/><\/a><\/p>\n","protected":false},"excerpt":{"rendered":"<p>Els nens i nenes de cicle inicial hem anat de col\u00f2nies a la finca Tamarit. Voleu saber qu\u00e8 hem fet? Hem pogut gaudir d&#8217;una experi\u00e8ncia \u00fanica. Ahir dimecres vam anar d&#8217;excursi\u00f3 a la platja on vam poder jugar i fer jocs esportius a la sorra,&hellip;  <a href=\"https:\/\/agora.xtec.cat\/ceippractiques2-lleida\/general\/cicle-inicial-ha-anat-de-colonies-a-tamarit\/\" title=\"Read CICLE INICIAL HA ANAT DE COL\u00d2NIES A TAMARIT\">Llegeix m\u00e9s\u00bb<\/a><\/p>\n","protected":false},"author":16,"featured_media":5437,"comment_status":"open","ping_status":"closed","sticky":false,"template":"","format":"standard","meta":{"_bbp_topic_count":0,"_bbp_reply_count":0,"_bbp_total_topic_count":0,"_bbp_total_reply_count":0,"_bbp_voice_count":0,"_bbp_anonymous_reply_count":0,"_bbp_topic_count_hidden":0,"_bbp_reply_count_hidden":0,"_bbp_forum_subforum_count":0,"footnotes":""},"categories":[10,11,5,1,4],"tags":[187,114,203,208,16],"class_list":["post-5436","post","type-post","status-publish","format-standard","has-post-thumbnail","hentry","category-1r","category-2n","category-primaria","category-general","category-portada","tag-cicle-inicial","tag-colonies","tag-primer","tag-segon","tag-sortides"],"post_mailing_queue_ids":[],"_links":{"self":[{"href":"https:\/\/agora.xtec.cat\/ceippractiques2-lleida\/wp-json\/wp\/v2\/posts\/5436","targetHints":{"allow":["GET"]}}],"collection":[{"href":"https:\/\/agora.xtec.cat\/ceippractiques2-lleida\/wp-json\/wp\/v2\/posts"}],"about":[{"href":"https:\/\/agora.xtec.cat\/ceippractiques2-lleida\/wp-json\/wp\/v2\/types\/post"}],"author":[{"embeddable":true,"href":"https:\/\/agora.xtec.cat\/ceippractiques2-lleida\/wp-json\/wp\/v2\/users\/16"}],"replies":[{"embeddable":true,"href":"https:\/\/agora.xtec.cat\/ceippractiques2-lleida\/wp-json\/wp\/v2\/comments?post=5436"}],"version-history":[{"count":3,"href":"https:\/\/agora.xtec.cat\/ceippractiques2-lleida\/wp-json\/wp\/v2\/posts\/5436\/revisions"}],"predecessor-version":[{"id":5440,"href":"https:\/\/agora.xtec.cat\/ceippractiques2-lleida\/wp-json\/wp\/v2\/posts\/5436\/revisions\/5440"}],"wp:featuredmedia":[{"embeddable":true,"href":"https:\/\/agora.xtec.cat\/ceippractiques2-lleida\/wp-json\/wp\/v2\/media\/5437"}],"wp:attachment":[{"href":"https:\/\/agora.xtec.cat\/ceippractiques2-lleida\/wp-json\/wp\/v2\/media?parent=5436"}],"wp:term":[{"taxonomy":"category","embeddable":true,"href":"https:\/\/agora.xtec.cat\/ceippractiques2-lleida\/wp-json\/wp\/v2\/categories?post=5436"},{"taxonomy":"post_tag","embeddable":true,"href":"https:\/\/agora.xtec.cat\/ceippractiques2-lleida\/wp-json\/wp\/v2\/tags?post=5436"}],"curies":[{"name":"wp","href":"https:\/\/api.w.org\/{rel}","templated":true}]}}