{"id":5411,"date":"2022-04-08T13:43:59","date_gmt":"2022-04-08T11:43:59","guid":{"rendered":"https:\/\/agora.xtec.cat\/ceippractiques2-lleida\/?p=5411"},"modified":"2022-04-08T13:43:59","modified_gmt":"2022-04-08T11:43:59","slug":"cs-dia-mundial-de-lactivitat-fisica","status":"publish","type":"post","link":"https:\/\/agora.xtec.cat\/ceippractiques2-lleida\/general\/cs-dia-mundial-de-lactivitat-fisica\/","title":{"rendered":"CS: Dia Mundial de l&#8217;Activitat F\u00edsica"},"content":{"rendered":"<p>L&#8217;alumnat de Cicle Superior de la nostra escola va participar el passat dia 6 d&#8217;abril, Dia Mundial de l&#8217;Activitat F\u00edsica (DMAF 2022) en diverses activitats coordinades pel projecte EUPAP, CAP&#8217;s i la Paeria.<\/p>\n<p>Vam realitzar una caminada que finalitzava en la pla\u00e7a de les Magn\u00f2lies, on es van dissenyar i dinamitzar diverses activitats educorecreatives centrades en l&#8217;activitat f\u00edsica.<\/p>\n<p>Si voleu veure algunes fotografies de la diada, cliqueu la seg\u00fcent fotografia.<\/p>\n<p><a href=\"https:\/\/photos.app.goo.gl\/b7yC7RwJrfjDyc258\" target=\"_blank\" rel=\"noopener\"><img loading=\"lazy\" decoding=\"async\" class=\"alignnone wp-image-5412 size-full\" src=\"https:\/\/agora.xtec.cat\/ceippractiques2-lleida\/wp-content\/uploads\/usu635\/2022\/04\/IMG_7514.jpg\" alt=\"\" width=\"448\" height=\"336\" srcset=\"https:\/\/agora.xtec.cat\/ceippractiques2-lleida\/wp-content\/uploads\/usu635\/2022\/04\/IMG_7514.jpg 448w, https:\/\/agora.xtec.cat\/ceippractiques2-lleida\/wp-content\/uploads\/usu635\/2022\/04\/IMG_7514-300x225.jpg 300w, https:\/\/agora.xtec.cat\/ceippractiques2-lleida\/wp-content\/uploads\/usu635\/2022\/04\/IMG_7514-200x150.jpg 200w\" sizes=\"auto, (max-width: 448px) 100vw, 448px\" \/><\/a><\/p>\n<p>&nbsp;<\/p>\n<p>&nbsp;<\/p>\n","protected":false},"excerpt":{"rendered":"<p>L&#8217;alumnat de Cicle Superior de la nostra escola va participar el passat dia 6 d&#8217;abril, Dia Mundial de l&#8217;Activitat F\u00edsica (DMAF 2022) en diverses activitats coordinades pel projecte EUPAP, CAP&#8217;s i la Paeria.<br \/>\nVam realitzar una caminada que finalitzava en la pla\u00e7a de les Magn\u00f2lies, on&hellip;  <a href=\"https:\/\/agora.xtec.cat\/ceippractiques2-lleida\/general\/cs-dia-mundial-de-lactivitat-fisica\/\" title=\"Read CS: Dia Mundial de l&#8217;Activitat F\u00edsica\">Llegeix m\u00e9s\u00bb<\/a><\/p>\n","protected":false},"author":1,"featured_media":5412,"comment_status":"open","ping_status":"closed","sticky":false,"template":"","format":"standard","meta":{"_bbp_topic_count":0,"_bbp_reply_count":0,"_bbp_total_topic_count":0,"_bbp_total_reply_count":0,"_bbp_voice_count":0,"_bbp_anonymous_reply_count":0,"_bbp_topic_count_hidden":0,"_bbp_reply_count_hidden":0,"_bbp_forum_subforum_count":0,"footnotes":""},"categories":[14,15,5,1,4,37],"tags":[85,168,62,79,71],"class_list":["post-5411","post","type-post","status-publish","format-standard","has-post-thumbnail","hentry","category-5e","category-6e","category-primaria","category-general","category-portada","category-salut","tag-cicle-superior","tag-cinque","tag-educacio-fisica","tag-sise","tag-sortida"],"post_mailing_queue_ids":[],"_links":{"self":[{"href":"https:\/\/agora.xtec.cat\/ceippractiques2-lleida\/wp-json\/wp\/v2\/posts\/5411","targetHints":{"allow":["GET"]}}],"collection":[{"href":"https:\/\/agora.xtec.cat\/ceippractiques2-lleida\/wp-json\/wp\/v2\/posts"}],"about":[{"href":"https:\/\/agora.xtec.cat\/ceippractiques2-lleida\/wp-json\/wp\/v2\/types\/post"}],"author":[{"embeddable":true,"href":"https:\/\/agora.xtec.cat\/ceippractiques2-lleida\/wp-json\/wp\/v2\/users\/1"}],"replies":[{"embeddable":true,"href":"https:\/\/agora.xtec.cat\/ceippractiques2-lleida\/wp-json\/wp\/v2\/comments?post=5411"}],"version-history":[{"count":1,"href":"https:\/\/agora.xtec.cat\/ceippractiques2-lleida\/wp-json\/wp\/v2\/posts\/5411\/revisions"}],"predecessor-version":[{"id":5413,"href":"https:\/\/agora.xtec.cat\/ceippractiques2-lleida\/wp-json\/wp\/v2\/posts\/5411\/revisions\/5413"}],"wp:featuredmedia":[{"embeddable":true,"href":"https:\/\/agora.xtec.cat\/ceippractiques2-lleida\/wp-json\/wp\/v2\/media\/5412"}],"wp:attachment":[{"href":"https:\/\/agora.xtec.cat\/ceippractiques2-lleida\/wp-json\/wp\/v2\/media?parent=5411"}],"wp:term":[{"taxonomy":"category","embeddable":true,"href":"https:\/\/agora.xtec.cat\/ceippractiques2-lleida\/wp-json\/wp\/v2\/categories?post=5411"},{"taxonomy":"post_tag","embeddable":true,"href":"https:\/\/agora.xtec.cat\/ceippractiques2-lleida\/wp-json\/wp\/v2\/tags?post=5411"}],"curies":[{"name":"wp","href":"https:\/\/api.w.org\/{rel}","templated":true}]}}