{"id":541,"date":"2016-02-03T10:39:20","date_gmt":"2016-02-03T09:39:20","guid":{"rendered":"http:\/\/agora.xtec.cat\/ceippractiques2-lleida\/?p=541"},"modified":"2016-03-17T23:06:56","modified_gmt":"2016-03-17T22:06:56","slug":"carnestoltes-a-lescola","status":"publish","type":"post","link":"https:\/\/agora.xtec.cat\/ceippractiques2-lleida\/portada\/carnestoltes-a-lescola\/","title":{"rendered":"Carnestoltes a l&#8217;escola"},"content":{"rendered":"<h2 style=\"text-align: center;\"><span style=\"color: #000000;\">Aquest divendres ens visitar\u00e0 en Carnestoltes<\/span><br \/>\n<span style=\"color: #000000;\"> cansat de donar voltes i voltes<\/span><\/h2>\n<h2 style=\"text-align: center;\"><span style=\"color: #000000;\">Haurem de fer cara de bon grat,<\/span><br \/>\n<span style=\"color: #000000;\"> perqu\u00e8 aquest any vindr\u00e0 de veritat.<\/span><\/h2>\n<h2 style=\"text-align: center;\"><span style=\"color: #000000;\">Ens posarem<\/span> <span style=\"color: #ff0000;\">capa<\/span>, <span style=\"color: #ff9900;\">barret<\/span> o <span style=\"color: #ff6600;\">enorme collaret<\/span><br \/>\n<span style=\"color: #000000;\">Li recitarem poemes, cantarem i ballarem<\/span><br \/>\n<span style=\"color: #000000;\">perqu\u00e8 estigui d&#8217;all\u00f2 m\u00e9s content.<\/span><\/h2>\n<h2 style=\"text-align: center;\"><span style=\"color: #000000;\">S\u00ed, s\u00ed, \u00e9s aix\u00ed, ve en Pau Pi;<\/span><br \/>\n<span style=\"color: #000000;\"> el rei del Carnaval de Lleida<\/span><\/h2>\n<h2 style=\"text-align: center;\"><a href=\"http:\/\/agora.xtec.cat\/ceippractiques2-lleida\/wp-content\/uploads\/usu635\/2016\/02\/Document-escanejat.jpg\"><img loading=\"lazy\" decoding=\"async\" class=\"aligncenter  wp-image-544\" src=\"http:\/\/agora.xtec.cat\/ceippractiques2-lleida\/wp-content\/uploads\/usu635\/2016\/02\/Document-escanejat-1024x718.jpg\" alt=\"Document escanejat\" width=\"672\" height=\"471\" srcset=\"https:\/\/agora.xtec.cat\/ceippractiques2-lleida\/wp-content\/uploads\/usu635\/2016\/02\/Document-escanejat-1024x718.jpg 1024w, https:\/\/agora.xtec.cat\/ceippractiques2-lleida\/wp-content\/uploads\/usu635\/2016\/02\/Document-escanejat-300x210.jpg 300w\" sizes=\"auto, (max-width: 672px) 100vw, 672px\" \/><\/a><\/h2>\n","protected":false},"excerpt":{"rendered":"<p>Aquest divendres ens visitar\u00e0 en Carnestoltes<br \/>\n cansat de donar voltes i voltes<br \/>\nHaurem de fer cara de bon grat,<br \/>\n perqu\u00e8 aquest any vindr\u00e0 de veritat.<br \/>\nEns posarem capa, barret o enorme collaret<br \/>\nLi recitarem poemes, cantarem i ballarem<br \/>\nperqu\u00e8 estigui d&#8217;all\u00f2 m\u00e9s content.<br \/>\nS\u00ed, s\u00ed, \u00e9s aix\u00ed, ve en Pau&hellip;  <a href=\"https:\/\/agora.xtec.cat\/ceippractiques2-lleida\/portada\/carnestoltes-a-lescola\/\" title=\"Read Carnestoltes a l&#8217;escola\">Llegeix m\u00e9s\u00bb<\/a><\/p>\n","protected":false},"author":1,"featured_media":0,"comment_status":"open","ping_status":"open","sticky":false,"template":"","format":"standard","meta":{"_bbp_topic_count":0,"_bbp_reply_count":0,"_bbp_total_topic_count":0,"_bbp_total_reply_count":0,"_bbp_voice_count":0,"_bbp_anonymous_reply_count":0,"_bbp_topic_count_hidden":0,"_bbp_reply_count_hidden":0,"_bbp_forum_subforum_count":0,"footnotes":""},"categories":[4],"tags":[],"class_list":["post-541","post","type-post","status-publish","format-standard","hentry","category-portada"],"post_mailing_queue_ids":[],"_links":{"self":[{"href":"https:\/\/agora.xtec.cat\/ceippractiques2-lleida\/wp-json\/wp\/v2\/posts\/541","targetHints":{"allow":["GET"]}}],"collection":[{"href":"https:\/\/agora.xtec.cat\/ceippractiques2-lleida\/wp-json\/wp\/v2\/posts"}],"about":[{"href":"https:\/\/agora.xtec.cat\/ceippractiques2-lleida\/wp-json\/wp\/v2\/types\/post"}],"author":[{"embeddable":true,"href":"https:\/\/agora.xtec.cat\/ceippractiques2-lleida\/wp-json\/wp\/v2\/users\/1"}],"replies":[{"embeddable":true,"href":"https:\/\/agora.xtec.cat\/ceippractiques2-lleida\/wp-json\/wp\/v2\/comments?post=541"}],"version-history":[{"count":3,"href":"https:\/\/agora.xtec.cat\/ceippractiques2-lleida\/wp-json\/wp\/v2\/posts\/541\/revisions"}],"predecessor-version":[{"id":551,"href":"https:\/\/agora.xtec.cat\/ceippractiques2-lleida\/wp-json\/wp\/v2\/posts\/541\/revisions\/551"}],"wp:attachment":[{"href":"https:\/\/agora.xtec.cat\/ceippractiques2-lleida\/wp-json\/wp\/v2\/media?parent=541"}],"wp:term":[{"taxonomy":"category","embeddable":true,"href":"https:\/\/agora.xtec.cat\/ceippractiques2-lleida\/wp-json\/wp\/v2\/categories?post=541"},{"taxonomy":"post_tag","embeddable":true,"href":"https:\/\/agora.xtec.cat\/ceippractiques2-lleida\/wp-json\/wp\/v2\/tags?post=541"}],"curies":[{"name":"wp","href":"https:\/\/api.w.org\/{rel}","templated":true}]}}