{"id":5368,"date":"2022-04-01T17:45:36","date_gmt":"2022-04-01T15:45:36","guid":{"rendered":"https:\/\/agora.xtec.cat\/ceippractiques2-lleida\/?p=5368"},"modified":"2022-04-03T23:43:50","modified_gmt":"2022-04-03T21:43:50","slug":"sortida-a-lespluga-de-francoli-2","status":"publish","type":"post","link":"https:\/\/agora.xtec.cat\/ceippractiques2-lleida\/portada\/sortida-a-lespluga-de-francoli-2\/","title":{"rendered":"SORTIDA A L&#8217;ESPLUGA DE FRANCOL\u00cd"},"content":{"rendered":"<p>El passat dimecres 30 de Mar\u00e7 els alumnes de 4t van visitar l&#8217;Espluga de Francol\u00ed i van tenir l&#8217;oportunitat de con\u00e8ixer el Museu de la Vida Rural i la Cova Museu de la Font Major. Gr\u00e0cies a les activitats que es van dur a terme al Museu de la Vida Rural, els alumnes van aprofundir els seus coneixements sobre la pagesia i van descobrir la import\u00e0ncia d&#8217;aquesta en el nostre dia a dia.\u00a0 Pel que fa a la Cova de la Font Major, va ser una visita molt entretinguda i interessant; ja que els alumnes van fer un viatge a la prehist\u00f2ria i van con\u00e8ixer com vivien els nostres avantpassats.\u00a0 Va ser un dia\u00a0 molt bonic i divertit.<\/p>\n<p>Cliqueu la segona imatge i podreu disfrutar de totes les fotos de la sortida \ud83d\ude42<\/p>\n<p><a href=\"https:\/\/agora.xtec.cat\/ceippractiques2-lleida\/wp-content\/uploads\/usu635\/2022\/04\/IMG_9515-1-scaled.jpg\"><img loading=\"lazy\" decoding=\"async\" class=\"alignnone wp-image-5374\" src=\"https:\/\/agora.xtec.cat\/ceippractiques2-lleida\/wp-content\/uploads\/usu635\/2022\/04\/IMG_9515-1-1024x768.jpg\" alt=\"\" width=\"226\" height=\"169\" srcset=\"https:\/\/agora.xtec.cat\/ceippractiques2-lleida\/wp-content\/uploads\/usu635\/2022\/04\/IMG_9515-1-1024x768.jpg 1024w, https:\/\/agora.xtec.cat\/ceippractiques2-lleida\/wp-content\/uploads\/usu635\/2022\/04\/IMG_9515-1-300x225.jpg 300w, https:\/\/agora.xtec.cat\/ceippractiques2-lleida\/wp-content\/uploads\/usu635\/2022\/04\/IMG_9515-1-768x576.jpg 768w, https:\/\/agora.xtec.cat\/ceippractiques2-lleida\/wp-content\/uploads\/usu635\/2022\/04\/IMG_9515-1-1536x1152.jpg 1536w, https:\/\/agora.xtec.cat\/ceippractiques2-lleida\/wp-content\/uploads\/usu635\/2022\/04\/IMG_9515-1-2048x1536.jpg 2048w, https:\/\/agora.xtec.cat\/ceippractiques2-lleida\/wp-content\/uploads\/usu635\/2022\/04\/IMG_9515-1-200x150.jpg 200w\" sizes=\"auto, (max-width: 226px) 100vw, 226px\" \/><\/a> <a href=\"https:\/\/photos.app.goo.gl\/PoDgLSE6KpyySBbh9\"><img loading=\"lazy\" decoding=\"async\" class=\"alignnone wp-image-5375\" src=\"https:\/\/agora.xtec.cat\/ceippractiques2-lleida\/wp-content\/uploads\/usu635\/2022\/04\/IMG_9555-2-1024x768.jpg\" alt=\"\" width=\"228\" height=\"171\" srcset=\"https:\/\/agora.xtec.cat\/ceippractiques2-lleida\/wp-content\/uploads\/usu635\/2022\/04\/IMG_9555-2-1024x768.jpg 1024w, https:\/\/agora.xtec.cat\/ceippractiques2-lleida\/wp-content\/uploads\/usu635\/2022\/04\/IMG_9555-2-300x225.jpg 300w, https:\/\/agora.xtec.cat\/ceippractiques2-lleida\/wp-content\/uploads\/usu635\/2022\/04\/IMG_9555-2-768x576.jpg 768w, https:\/\/agora.xtec.cat\/ceippractiques2-lleida\/wp-content\/uploads\/usu635\/2022\/04\/IMG_9555-2-1536x1152.jpg 1536w, https:\/\/agora.xtec.cat\/ceippractiques2-lleida\/wp-content\/uploads\/usu635\/2022\/04\/IMG_9555-2-2048x1536.jpg 2048w, https:\/\/agora.xtec.cat\/ceippractiques2-lleida\/wp-content\/uploads\/usu635\/2022\/04\/IMG_9555-2-200x150.jpg 200w\" sizes=\"auto, (max-width: 228px) 100vw, 228px\" \/><\/a> <a href=\"https:\/\/agora.xtec.cat\/ceippractiques2-lleida\/wp-content\/uploads\/usu635\/2022\/04\/IMG_3163-scaled.jpg\"><img loading=\"lazy\" decoding=\"async\" class=\"alignnone wp-image-5379\" src=\"https:\/\/agora.xtec.cat\/ceippractiques2-lleida\/wp-content\/uploads\/usu635\/2022\/04\/IMG_3163-1024x768.jpg\" alt=\"\" width=\"225\" height=\"169\" srcset=\"https:\/\/agora.xtec.cat\/ceippractiques2-lleida\/wp-content\/uploads\/usu635\/2022\/04\/IMG_3163-1024x768.jpg 1024w, https:\/\/agora.xtec.cat\/ceippractiques2-lleida\/wp-content\/uploads\/usu635\/2022\/04\/IMG_3163-300x225.jpg 300w, https:\/\/agora.xtec.cat\/ceippractiques2-lleida\/wp-content\/uploads\/usu635\/2022\/04\/IMG_3163-768x576.jpg 768w, https:\/\/agora.xtec.cat\/ceippractiques2-lleida\/wp-content\/uploads\/usu635\/2022\/04\/IMG_3163-1536x1152.jpg 1536w, https:\/\/agora.xtec.cat\/ceippractiques2-lleida\/wp-content\/uploads\/usu635\/2022\/04\/IMG_3163-2048x1536.jpg 2048w, https:\/\/agora.xtec.cat\/ceippractiques2-lleida\/wp-content\/uploads\/usu635\/2022\/04\/IMG_3163-200x150.jpg 200w\" sizes=\"auto, (max-width: 225px) 100vw, 225px\" \/><\/a><\/p>\n<p>&nbsp;<\/p>\n","protected":false},"excerpt":{"rendered":"<p>El passat dimecres 30 de Mar\u00e7 els alumnes de 4t van visitar l&#8217;Espluga de Francol\u00ed i van tenir l&#8217;oportunitat de con\u00e8ixer el Museu de la Vida Rural i la Cova Museu de la Font Major. Gr\u00e0cies a les activitats que es van dur a terme&hellip;  <a href=\"https:\/\/agora.xtec.cat\/ceippractiques2-lleida\/portada\/sortida-a-lespluga-de-francoli-2\/\" title=\"Read SORTIDA A L&#8217;ESPLUGA DE FRANCOL\u00cd\">Llegeix m\u00e9s\u00bb<\/a><\/p>\n","protected":false},"author":1,"featured_media":5375,"comment_status":"open","ping_status":"closed","sticky":false,"template":"","format":"standard","meta":{"_bbp_topic_count":0,"_bbp_reply_count":0,"_bbp_total_topic_count":0,"_bbp_total_reply_count":0,"_bbp_voice_count":0,"_bbp_anonymous_reply_count":0,"_bbp_topic_count_hidden":0,"_bbp_reply_count_hidden":0,"_bbp_forum_subforum_count":0,"footnotes":""},"categories":[13,5,4],"tags":[],"class_list":["post-5368","post","type-post","status-publish","format-standard","has-post-thumbnail","hentry","category-4t","category-primaria","category-portada"],"post_mailing_queue_ids":[],"_links":{"self":[{"href":"https:\/\/agora.xtec.cat\/ceippractiques2-lleida\/wp-json\/wp\/v2\/posts\/5368","targetHints":{"allow":["GET"]}}],"collection":[{"href":"https:\/\/agora.xtec.cat\/ceippractiques2-lleida\/wp-json\/wp\/v2\/posts"}],"about":[{"href":"https:\/\/agora.xtec.cat\/ceippractiques2-lleida\/wp-json\/wp\/v2\/types\/post"}],"author":[{"embeddable":true,"href":"https:\/\/agora.xtec.cat\/ceippractiques2-lleida\/wp-json\/wp\/v2\/users\/1"}],"replies":[{"embeddable":true,"href":"https:\/\/agora.xtec.cat\/ceippractiques2-lleida\/wp-json\/wp\/v2\/comments?post=5368"}],"version-history":[{"count":3,"href":"https:\/\/agora.xtec.cat\/ceippractiques2-lleida\/wp-json\/wp\/v2\/posts\/5368\/revisions"}],"predecessor-version":[{"id":5392,"href":"https:\/\/agora.xtec.cat\/ceippractiques2-lleida\/wp-json\/wp\/v2\/posts\/5368\/revisions\/5392"}],"wp:featuredmedia":[{"embeddable":true,"href":"https:\/\/agora.xtec.cat\/ceippractiques2-lleida\/wp-json\/wp\/v2\/media\/5375"}],"wp:attachment":[{"href":"https:\/\/agora.xtec.cat\/ceippractiques2-lleida\/wp-json\/wp\/v2\/media?parent=5368"}],"wp:term":[{"taxonomy":"category","embeddable":true,"href":"https:\/\/agora.xtec.cat\/ceippractiques2-lleida\/wp-json\/wp\/v2\/categories?post=5368"},{"taxonomy":"post_tag","embeddable":true,"href":"https:\/\/agora.xtec.cat\/ceippractiques2-lleida\/wp-json\/wp\/v2\/tags?post=5368"}],"curies":[{"name":"wp","href":"https:\/\/api.w.org\/{rel}","templated":true}]}}