{"id":5358,"date":"2022-03-25T13:40:30","date_gmt":"2022-03-25T12:40:30","guid":{"rendered":"https:\/\/agora.xtec.cat\/ceippractiques2-lleida\/?p=5358"},"modified":"2022-03-25T13:40:52","modified_gmt":"2022-03-25T12:40:52","slug":"5e-visita-a-la-seu-vella","status":"publish","type":"post","link":"https:\/\/agora.xtec.cat\/ceippractiques2-lleida\/general\/5e-visita-a-la-seu-vella\/","title":{"rendered":"5\u00e8: Visita a la Seu Vella"},"content":{"rendered":"<p><span style=\"font-weight: 400;\">Avui els alumnes de 5\u00e8 hem anat a la <\/span><b>Seu Vella.<\/b><span style=\"font-weight: 400;\"> \u00c9s una important catedral del segle XIII-XV que a trav\u00e9s dels seus murs ens revela\u00a0 la manera de viure de diferents \u00e8poques i l\u2019evoluci\u00f3 de la ciutat de Lleida.<\/span><\/p>\n<p><span style=\"font-weight: 400;\">El patrimoni \u00e9s una eina que ens permet veure i tocar el nostre passat. Aquesta experimentaci\u00f3 directa \u00e9s el que desperta la curiositat i la imaginaci\u00f3 dels alumnes i en facilita el seu aprenentatge.<\/span><\/p>\n<p><span style=\"font-weight: 400;\">Hem fet un recorregut pels diferents espais que formen la Seu Vella tot fent d\u2019investigadors del temps, observant les marques de picapedrer, la pedra fundacional, les rosasses, els finestrals del claustre&#8230; Tamb\u00e9 hem apr\u00e8s qu\u00e8 era una catedral i el perqu\u00e8 del seu nom. La visita l\u2019hem acabat amb la pujada al campanar que supera els 60 metres d\u2019al\u00e7ada amb un total de 238 esglaons<\/span><span style=\"font-weight: 400;\">.<\/span><\/p>\n<p>Podeu veure algunes fotos de la jornada clicant la seg\u00fcent imatge<\/p>\n<p><a href=\"https:\/\/photos.app.goo.gl\/pAVmyavqNErkkZKu6\" target=\"_blank\" rel=\"noopener\"><img loading=\"lazy\" decoding=\"async\" class=\"wp-image-5359 size-large\" src=\"https:\/\/agora.xtec.cat\/ceippractiques2-lleida\/wp-content\/uploads\/usu635\/2022\/03\/lleida-seu-vella-016-1024x554.jpg\" alt=\"\" width=\"1024\" height=\"554\" srcset=\"https:\/\/agora.xtec.cat\/ceippractiques2-lleida\/wp-content\/uploads\/usu635\/2022\/03\/lleida-seu-vella-016-1024x554.jpg 1024w, https:\/\/agora.xtec.cat\/ceippractiques2-lleida\/wp-content\/uploads\/usu635\/2022\/03\/lleida-seu-vella-016-300x162.jpg 300w, https:\/\/agora.xtec.cat\/ceippractiques2-lleida\/wp-content\/uploads\/usu635\/2022\/03\/lleida-seu-vella-016-768x416.jpg 768w, https:\/\/agora.xtec.cat\/ceippractiques2-lleida\/wp-content\/uploads\/usu635\/2022\/03\/lleida-seu-vella-016.jpg 1249w\" sizes=\"auto, (max-width: 1024px) 100vw, 1024px\" \/><\/a><\/p>\n","protected":false},"excerpt":{"rendered":"<p>Avui els alumnes de 5\u00e8 hem anat a la Seu Vella. \u00c9s una important catedral del segle XIII-XV que a trav\u00e9s dels seus murs ens revela\u00a0 la manera de viure de diferents \u00e8poques i l\u2019evoluci\u00f3 de la ciutat de Lleida.<br \/>\nEl patrimoni \u00e9s una eina que&hellip;  <a href=\"https:\/\/agora.xtec.cat\/ceippractiques2-lleida\/general\/5e-visita-a-la-seu-vella\/\" title=\"Read 5\u00e8: Visita a la Seu Vella\">Llegeix m\u00e9s\u00bb<\/a><\/p>\n","protected":false},"author":1,"featured_media":5359,"comment_status":"open","ping_status":"closed","sticky":false,"template":"","format":"standard","meta":{"_bbp_topic_count":0,"_bbp_reply_count":0,"_bbp_total_topic_count":0,"_bbp_total_reply_count":0,"_bbp_voice_count":0,"_bbp_anonymous_reply_count":0,"_bbp_topic_count_hidden":0,"_bbp_reply_count_hidden":0,"_bbp_forum_subforum_count":0,"footnotes":""},"categories":[14,5,1,4],"tags":[85,168],"class_list":["post-5358","post","type-post","status-publish","format-standard","has-post-thumbnail","hentry","category-5e","category-primaria","category-general","category-portada","tag-cicle-superior","tag-cinque"],"post_mailing_queue_ids":[],"_links":{"self":[{"href":"https:\/\/agora.xtec.cat\/ceippractiques2-lleida\/wp-json\/wp\/v2\/posts\/5358","targetHints":{"allow":["GET"]}}],"collection":[{"href":"https:\/\/agora.xtec.cat\/ceippractiques2-lleida\/wp-json\/wp\/v2\/posts"}],"about":[{"href":"https:\/\/agora.xtec.cat\/ceippractiques2-lleida\/wp-json\/wp\/v2\/types\/post"}],"author":[{"embeddable":true,"href":"https:\/\/agora.xtec.cat\/ceippractiques2-lleida\/wp-json\/wp\/v2\/users\/1"}],"replies":[{"embeddable":true,"href":"https:\/\/agora.xtec.cat\/ceippractiques2-lleida\/wp-json\/wp\/v2\/comments?post=5358"}],"version-history":[{"count":3,"href":"https:\/\/agora.xtec.cat\/ceippractiques2-lleida\/wp-json\/wp\/v2\/posts\/5358\/revisions"}],"predecessor-version":[{"id":5362,"href":"https:\/\/agora.xtec.cat\/ceippractiques2-lleida\/wp-json\/wp\/v2\/posts\/5358\/revisions\/5362"}],"wp:featuredmedia":[{"embeddable":true,"href":"https:\/\/agora.xtec.cat\/ceippractiques2-lleida\/wp-json\/wp\/v2\/media\/5359"}],"wp:attachment":[{"href":"https:\/\/agora.xtec.cat\/ceippractiques2-lleida\/wp-json\/wp\/v2\/media?parent=5358"}],"wp:term":[{"taxonomy":"category","embeddable":true,"href":"https:\/\/agora.xtec.cat\/ceippractiques2-lleida\/wp-json\/wp\/v2\/categories?post=5358"},{"taxonomy":"post_tag","embeddable":true,"href":"https:\/\/agora.xtec.cat\/ceippractiques2-lleida\/wp-json\/wp\/v2\/tags?post=5358"}],"curies":[{"name":"wp","href":"https:\/\/api.w.org\/{rel}","templated":true}]}}