{"id":5337,"date":"2022-03-14T16:32:20","date_gmt":"2022-03-14T15:32:20","guid":{"rendered":"https:\/\/agora.xtec.cat\/ceippractiques2-lleida\/?p=5337"},"modified":"2022-03-14T16:32:20","modified_gmt":"2022-03-14T15:32:20","slug":"5e-la-cellula","status":"publish","type":"post","link":"https:\/\/agora.xtec.cat\/ceippractiques2-lleida\/portada\/5e-la-cellula\/","title":{"rendered":"5\u00e8: La c\u00e8l\u00b7lula"},"content":{"rendered":"<p>Fa unes setmanes l&#8217;alumnat de 5\u00e8 va anar al Caixaforum a dur a terme una activitat relacionada amb el m\u00f3n de la c\u00e8l\u00b7lula.<\/p>\n<p>Qu\u00e8 \u00e9s una c\u00e8l\u00b7lula? D&#8217;on prov\u00e9? On la podem trobar? Hi ha moltes c\u00e8l\u00b7lules diferents?<\/p>\n<p>En aquest taller, vam fer preparacions senzilles que ens van permetre observar al microscopi diferents tipus de c\u00e8l\u00b7lules i descobrir com s\u00f3n amb els nostres propis ulls.<\/p>\n<p>D&#8217;aquesta manera, podrem descobrir la complexitat de la unitat fonamental de la vida, els seus org\u00e0nuls i les funcions vitals que desenvolupen. Tamb\u00e9 reflexionarem sobre la import\u00e0ncia dels aven\u00e7os tecnol\u00f2gics en el progr\u00e9s de la biologia i la medicina, com ara la millora de la resoluci\u00f3 del microscopi.<\/p>\n<p>Podeu veure una petita mostra de la jornada clicant la seg\u00fcent fotografia.<\/p>\n<p><a href=\"https:\/\/photos.app.goo.gl\/1kxmhLGjv9sS3Rqt7\"><img loading=\"lazy\" decoding=\"async\" class=\"wp-image-5338 aligncenter\" src=\"https:\/\/agora.xtec.cat\/ceippractiques2-lleida\/wp-content\/uploads\/usu635\/2022\/03\/m.png\" alt=\"\" width=\"340\" height=\"416\" srcset=\"https:\/\/agora.xtec.cat\/ceippractiques2-lleida\/wp-content\/uploads\/usu635\/2022\/03\/m.png 663w, https:\/\/agora.xtec.cat\/ceippractiques2-lleida\/wp-content\/uploads\/usu635\/2022\/03\/m-245x300.png 245w\" sizes=\"auto, (max-width: 340px) 100vw, 340px\" \/><\/a><\/p>\n<p>&nbsp;<\/p>\n","protected":false},"excerpt":{"rendered":"<p>Fa unes setmanes l&#8217;alumnat de 5\u00e8 va anar al Caixaforum a dur a terme una activitat relacionada amb el m\u00f3n de la c\u00e8l\u00b7lula.<br \/>\nQu\u00e8 \u00e9s una c\u00e8l\u00b7lula? D&#8217;on prov\u00e9? On la podem trobar? Hi ha moltes c\u00e8l\u00b7lules diferents?<br \/>\nEn aquest taller, vam fer preparacions senzilles que ens&hellip;  <a href=\"https:\/\/agora.xtec.cat\/ceippractiques2-lleida\/portada\/5e-la-cellula\/\" title=\"Read 5\u00e8: La c\u00e8l\u00b7lula\">Llegeix m\u00e9s\u00bb<\/a><\/p>\n","protected":false},"author":1,"featured_media":5338,"comment_status":"open","ping_status":"closed","sticky":false,"template":"","format":"standard","meta":{"_bbp_topic_count":0,"_bbp_reply_count":0,"_bbp_total_topic_count":0,"_bbp_total_reply_count":0,"_bbp_voice_count":0,"_bbp_anonymous_reply_count":0,"_bbp_topic_count_hidden":0,"_bbp_reply_count_hidden":0,"_bbp_forum_subforum_count":0,"footnotes":""},"categories":[14,5,4],"tags":[85,168,71],"class_list":["post-5337","post","type-post","status-publish","format-standard","has-post-thumbnail","hentry","category-5e","category-primaria","category-portada","tag-cicle-superior","tag-cinque","tag-sortida"],"post_mailing_queue_ids":[],"_links":{"self":[{"href":"https:\/\/agora.xtec.cat\/ceippractiques2-lleida\/wp-json\/wp\/v2\/posts\/5337","targetHints":{"allow":["GET"]}}],"collection":[{"href":"https:\/\/agora.xtec.cat\/ceippractiques2-lleida\/wp-json\/wp\/v2\/posts"}],"about":[{"href":"https:\/\/agora.xtec.cat\/ceippractiques2-lleida\/wp-json\/wp\/v2\/types\/post"}],"author":[{"embeddable":true,"href":"https:\/\/agora.xtec.cat\/ceippractiques2-lleida\/wp-json\/wp\/v2\/users\/1"}],"replies":[{"embeddable":true,"href":"https:\/\/agora.xtec.cat\/ceippractiques2-lleida\/wp-json\/wp\/v2\/comments?post=5337"}],"version-history":[{"count":1,"href":"https:\/\/agora.xtec.cat\/ceippractiques2-lleida\/wp-json\/wp\/v2\/posts\/5337\/revisions"}],"predecessor-version":[{"id":5339,"href":"https:\/\/agora.xtec.cat\/ceippractiques2-lleida\/wp-json\/wp\/v2\/posts\/5337\/revisions\/5339"}],"wp:featuredmedia":[{"embeddable":true,"href":"https:\/\/agora.xtec.cat\/ceippractiques2-lleida\/wp-json\/wp\/v2\/media\/5338"}],"wp:attachment":[{"href":"https:\/\/agora.xtec.cat\/ceippractiques2-lleida\/wp-json\/wp\/v2\/media?parent=5337"}],"wp:term":[{"taxonomy":"category","embeddable":true,"href":"https:\/\/agora.xtec.cat\/ceippractiques2-lleida\/wp-json\/wp\/v2\/categories?post=5337"},{"taxonomy":"post_tag","embeddable":true,"href":"https:\/\/agora.xtec.cat\/ceippractiques2-lleida\/wp-json\/wp\/v2\/tags?post=5337"}],"curies":[{"name":"wp","href":"https:\/\/api.w.org\/{rel}","templated":true}]}}