{"id":5335,"date":"2022-03-30T20:09:26","date_gmt":"2022-03-30T18:09:26","guid":{"rendered":"https:\/\/agora.xtec.cat\/ceippractiques2-lleida\/?p=5335"},"modified":"2022-03-30T20:09:26","modified_gmt":"2022-03-30T18:09:26","slug":"taller-triangult","status":"publish","type":"post","link":"https:\/\/agora.xtec.cat\/ceippractiques2-lleida\/general\/taller-triangult\/","title":{"rendered":"TALLER &#8220;TRIANGUL@&#8217;T&#8221;"},"content":{"rendered":"<p>La setmana passada els nens i les nenes d&#8217;infantil vam acabar el taller centrat en el treball d&#8217;una forma geom\u00e8trica. En aquesta ocasi\u00f3, l&#8217;escollida ha estat el TRIANGLE.<\/p>\n<p>Per comen\u00e7ar vam escoltar un conte molt divertit sobre un triangle que estava trist i anava trobant amics pel seu cam\u00ed que el van ajudar a posar-se content. A partir d&#8217;aqu\u00ed vam buscar i observar diferents objectes de la classe i el nostre entorn que tenien aquesta mateixa forma.<\/p>\n<p>A trav\u00e9s de triangles vam crear diferents dissenys. A P3 un peix i a P4 i P5 el senyor o la senyora triangles. Finalment, despr\u00e8s d&#8217;observar diversos edificis del m\u00f3n, ho vam traslladar a volum elaborant pir\u00e0mides i prismes triangulars amb els escuradents i la plastilina.<\/p>\n<p>Que b\u00e9 que ens ho hem passat i com hem apr\u00e8s i gaudit!<\/p>\n<p>Mireu les fotos i ho podreu veure!<\/p>\n<p><a href=\"https:\/\/photos.app.goo.gl\/WnFbQksAykEJE6Ub7\" target=\"_blank\" rel=\"noopener\"><img loading=\"lazy\" decoding=\"async\" class=\"aligncenter wp-image-5364 size-medium\" src=\"https:\/\/agora.xtec.cat\/ceippractiques2-lleida\/wp-content\/uploads\/usu635\/2022\/03\/Captura-de-pantalla-2022-03-26-a-las-22.33.43-300x167.png\" alt=\"\" width=\"300\" height=\"167\" srcset=\"https:\/\/agora.xtec.cat\/ceippractiques2-lleida\/wp-content\/uploads\/usu635\/2022\/03\/Captura-de-pantalla-2022-03-26-a-las-22.33.43-300x167.png 300w, https:\/\/agora.xtec.cat\/ceippractiques2-lleida\/wp-content\/uploads\/usu635\/2022\/03\/Captura-de-pantalla-2022-03-26-a-las-22.33.43-1024x569.png 1024w, https:\/\/agora.xtec.cat\/ceippractiques2-lleida\/wp-content\/uploads\/usu635\/2022\/03\/Captura-de-pantalla-2022-03-26-a-las-22.33.43-768x427.png 768w, https:\/\/agora.xtec.cat\/ceippractiques2-lleida\/wp-content\/uploads\/usu635\/2022\/03\/Captura-de-pantalla-2022-03-26-a-las-22.33.43.png 1450w\" sizes=\"auto, (max-width: 300px) 100vw, 300px\" \/><\/a><\/p>\n<p><a href=\"https:\/\/photos.app.goo.gl\/tuHAaEayoDXhGQ7v8\" target=\"_blank\" rel=\"noopener\"><img loading=\"lazy\" decoding=\"async\" class=\"aligncenter wp-image-5365 size-medium\" src=\"https:\/\/agora.xtec.cat\/ceippractiques2-lleida\/wp-content\/uploads\/usu635\/2022\/03\/Captura-de-pantalla-2022-03-26-a-las-22.34.17-300x167.png\" alt=\"\" width=\"300\" height=\"167\" srcset=\"https:\/\/agora.xtec.cat\/ceippractiques2-lleida\/wp-content\/uploads\/usu635\/2022\/03\/Captura-de-pantalla-2022-03-26-a-las-22.34.17-300x167.png 300w, https:\/\/agora.xtec.cat\/ceippractiques2-lleida\/wp-content\/uploads\/usu635\/2022\/03\/Captura-de-pantalla-2022-03-26-a-las-22.34.17-1024x571.png 1024w, https:\/\/agora.xtec.cat\/ceippractiques2-lleida\/wp-content\/uploads\/usu635\/2022\/03\/Captura-de-pantalla-2022-03-26-a-las-22.34.17-768x428.png 768w, https:\/\/agora.xtec.cat\/ceippractiques2-lleida\/wp-content\/uploads\/usu635\/2022\/03\/Captura-de-pantalla-2022-03-26-a-las-22.34.17.png 1450w\" sizes=\"auto, (max-width: 300px) 100vw, 300px\" \/><\/a><\/p>\n<p><a href=\"https:\/\/photos.app.goo.gl\/8Mp8MVXQodyYBLFk7\" target=\"_blank\" rel=\"noopener\"><img loading=\"lazy\" decoding=\"async\" class=\"aligncenter wp-image-5366 size-medium\" src=\"https:\/\/agora.xtec.cat\/ceippractiques2-lleida\/wp-content\/uploads\/usu635\/2022\/03\/Captura-de-pantalla-2022-03-26-a-las-22.34.54-300x168.png\" alt=\"\" width=\"300\" height=\"168\" srcset=\"https:\/\/agora.xtec.cat\/ceippractiques2-lleida\/wp-content\/uploads\/usu635\/2022\/03\/Captura-de-pantalla-2022-03-26-a-las-22.34.54-300x168.png 300w, https:\/\/agora.xtec.cat\/ceippractiques2-lleida\/wp-content\/uploads\/usu635\/2022\/03\/Captura-de-pantalla-2022-03-26-a-las-22.34.54-1024x572.png 1024w, https:\/\/agora.xtec.cat\/ceippractiques2-lleida\/wp-content\/uploads\/usu635\/2022\/03\/Captura-de-pantalla-2022-03-26-a-las-22.34.54-768x429.png 768w, https:\/\/agora.xtec.cat\/ceippractiques2-lleida\/wp-content\/uploads\/usu635\/2022\/03\/Captura-de-pantalla-2022-03-26-a-las-22.34.54.png 1450w\" sizes=\"auto, (max-width: 300px) 100vw, 300px\" \/><\/a><\/p>\n","protected":false},"excerpt":{"rendered":"<p>La setmana passada els nens i les nenes d&#8217;infantil vam acabar el taller centrat en el treball d&#8217;una forma geom\u00e8trica. En aquesta ocasi\u00f3, l&#8217;escollida ha estat el TRIANGLE.<br \/>\nPer comen\u00e7ar vam escoltar un conte molt divertit sobre un triangle que estava trist i anava trobant amics&hellip;  <a href=\"https:\/\/agora.xtec.cat\/ceippractiques2-lleida\/general\/taller-triangult\/\" title=\"Read TALLER &#8220;TRIANGUL@&#8217;T&#8221;\">Llegeix m\u00e9s\u00bb<\/a><\/p>\n","protected":false},"author":17,"featured_media":5363,"comment_status":"open","ping_status":"closed","sticky":false,"template":"","format":"standard","meta":{"_bbp_topic_count":0,"_bbp_reply_count":0,"_bbp_total_topic_count":0,"_bbp_total_reply_count":0,"_bbp_voice_count":0,"_bbp_anonymous_reply_count":0,"_bbp_topic_count_hidden":0,"_bbp_reply_count_hidden":0,"_bbp_forum_subforum_count":0,"footnotes":""},"categories":[2,1,3,8,9,4,24],"tags":[157,152,154,148,194,205],"class_list":["post-5335","post","type-post","status-publish","format-standard","has-post-thumbnail","hentry","category-infantil","category-general","category-i3","category-i4","category-i5","category-portada","category-tallers","tag-infantil","tag-p3","tag-p4","tag-p5","tag-tallers","tag-triangult"],"post_mailing_queue_ids":[],"_links":{"self":[{"href":"https:\/\/agora.xtec.cat\/ceippractiques2-lleida\/wp-json\/wp\/v2\/posts\/5335","targetHints":{"allow":["GET"]}}],"collection":[{"href":"https:\/\/agora.xtec.cat\/ceippractiques2-lleida\/wp-json\/wp\/v2\/posts"}],"about":[{"href":"https:\/\/agora.xtec.cat\/ceippractiques2-lleida\/wp-json\/wp\/v2\/types\/post"}],"author":[{"embeddable":true,"href":"https:\/\/agora.xtec.cat\/ceippractiques2-lleida\/wp-json\/wp\/v2\/users\/17"}],"replies":[{"embeddable":true,"href":"https:\/\/agora.xtec.cat\/ceippractiques2-lleida\/wp-json\/wp\/v2\/comments?post=5335"}],"version-history":[{"count":2,"href":"https:\/\/agora.xtec.cat\/ceippractiques2-lleida\/wp-json\/wp\/v2\/posts\/5335\/revisions"}],"predecessor-version":[{"id":5367,"href":"https:\/\/agora.xtec.cat\/ceippractiques2-lleida\/wp-json\/wp\/v2\/posts\/5335\/revisions\/5367"}],"wp:featuredmedia":[{"embeddable":true,"href":"https:\/\/agora.xtec.cat\/ceippractiques2-lleida\/wp-json\/wp\/v2\/media\/5363"}],"wp:attachment":[{"href":"https:\/\/agora.xtec.cat\/ceippractiques2-lleida\/wp-json\/wp\/v2\/media?parent=5335"}],"wp:term":[{"taxonomy":"category","embeddable":true,"href":"https:\/\/agora.xtec.cat\/ceippractiques2-lleida\/wp-json\/wp\/v2\/categories?post=5335"},{"taxonomy":"post_tag","embeddable":true,"href":"https:\/\/agora.xtec.cat\/ceippractiques2-lleida\/wp-json\/wp\/v2\/tags?post=5335"}],"curies":[{"name":"wp","href":"https:\/\/api.w.org\/{rel}","templated":true}]}}