{"id":5332,"date":"2022-03-14T13:44:08","date_gmt":"2022-03-14T12:44:08","guid":{"rendered":"https:\/\/agora.xtec.cat\/ceippractiques2-lleida\/?p=5332"},"modified":"2022-03-15T13:34:50","modified_gmt":"2022-03-15T12:34:50","slug":"manifest-xarxa-escoles-unesco","status":"publish","type":"post","link":"https:\/\/agora.xtec.cat\/ceippractiques2-lleida\/general\/manifest-xarxa-escoles-unesco\/","title":{"rendered":"Manifest Xarxa Escoles UNESCO"},"content":{"rendered":"<p><a href=\"https:\/\/agora.xtec.cat\/ceippractiques2-lleida\/wp-content\/uploads\/usu635\/2022\/03\/logoPEA-catala-1.jpg\"><img loading=\"lazy\" decoding=\"async\" class=\"alignnone wp-image-5333\" src=\"https:\/\/agora.xtec.cat\/ceippractiques2-lleida\/wp-content\/uploads\/usu635\/2022\/03\/logoPEA-catala-1.jpg\" alt=\"\" width=\"112\" height=\"93\" srcset=\"https:\/\/agora.xtec.cat\/ceippractiques2-lleida\/wp-content\/uploads\/usu635\/2022\/03\/logoPEA-catala-1.jpg 831w, https:\/\/agora.xtec.cat\/ceippractiques2-lleida\/wp-content\/uploads\/usu635\/2022\/03\/logoPEA-catala-1-300x250.jpg 300w, https:\/\/agora.xtec.cat\/ceippractiques2-lleida\/wp-content\/uploads\/usu635\/2022\/03\/logoPEA-catala-1-768x637.jpg 768w\" sizes=\"auto, (max-width: 112px) 100vw, 112px\" \/><\/a><\/p>\n<p><strong>MANIFEST DE LES ESCOLES ASSOCIADES DE LA UNESCO DE L\u2019ESTAT ESPANYOL<\/strong><\/p>\n<p>Ens preguntem c\u00f3m \u00e9s possible que a Europa aparegui una nova guerra despr\u00e9s d\u2019haver patit dues guerres mundials al seu territori? Per qu\u00e8 un cop m\u00e9s hem de fer front al frac\u00e0s de la conviv\u00e8ncia? No hi ha res que justifiqui el patiment del poble d\u2019Ucra\u00efna per la invasi\u00f3 i atac de R\u00fassia, un acte que viola el dret internacional, la conviv\u00e8ncia pac\u00edfica i el di\u00e0leg. Des de la nostra Xarxa d\u2019Escoles promovem i treballem per la Cultura de la Pau i la cooperaci\u00f3 internacional i aix\u00f2, un cop m\u00e9s, sense oblidar-nos de les guerres \u201cinvisibilitzades\u201d com les del Iemen, Palestina, S\u00edria, Iraq, L\u00edbia,&#8230;, est\u00e0 en perill i amena\u00e7a tota la humanitat. El ress\u00f2 dels desprop\u00f2sits i de la guerra apaivaga els laments de les persones que ho pateixen directament i, com sempre, \u201cperdem tots i totes\u201d perqu\u00e8 les guerres es fan pels interessos d\u2019uns quants per\u00f2 els morts, ferits, refugiats els posem els pobles.<\/p>\n<p>La guerra amena\u00e7a directament el dret a l\u2019educaci\u00f3 de les nenes i nens, del jovent , que ja estaven fortament afectats per la pand\u00e8mia de la covid19 que va evidenciar la desigualtat dins de cada pa\u00eds i entre pa\u00efsos. NO HEM D\u2019OBLIDAR MAI QUE L\u2019EDUCACI\u00d3 \u00c9S UN DRET UNIVERSAL I L\u2019ACC\u00c9S AL CONEIXEMENT HA DE SER P\u00daBLIC. L\u2019educaci\u00f3 \u00e9s l\u2019eina que garanteix un futur equitatiu, just, lliure, sostenible i pac\u00edfic.<\/p>\n<p>\u00c9s per tot plegat que la Xarxa d\u2019Escoles Associades vol sumar-se al NO A LA GUERRA, demanant a les Nacions Unides i a tots els pa\u00efsos que frenin aquesta viol\u00e8ncia, que obrin taules de di\u00e0leg, que preservin les vides i els bens del poble ucra\u00efn\u00e8s. Aquesta guerra ha d\u2019acabar ja, cada dia que passa suma m\u00e9s v\u00edctimes, m\u00e9s dolor, m\u00e9s desarrelament, m\u00e9s refugiats i refugiades, i posa en perill a tota la humanitat.<\/p>\n<p>Perqu\u00e8 no hi ha guerres justes o injustes, nom\u00e9s TRISTES GUERRES.<\/p>\n<p>Perqu\u00e8 la solidaritat, la cooperaci\u00f3, l\u2019empatia i la pau han de ser les eines del nostre com\u00fa futur.<\/p>\n<p>Perqu\u00e8 les nenes i els nens, a tot el m\u00f3n, tenen el dret inviolable de ser protegits, d\u2019assistir a escola, d\u2019estar amb la seva fam\u00edlia i amics, de no viure sota el terror dels bombardejos, de gaudir del benestar i la pau necessaris per cr\u00e9ixer lliures, feli\u00e7os i segurs.<\/p>\n<p>Perqu\u00e8 ning\u00fa <strong>\u201cneix odiant sin\u00f3 que s\u2019apr\u00e8n a fer-ho\u201d (Nelson Mandela)<\/strong><\/p>\n","protected":false},"excerpt":{"rendered":"<p><a href=\"https:\/\/agora.xtec.cat\/ceippractiques2-lleida\/wp-content\/uploads\/usu635\/2022\/03\/logoPEA-catala-1.jpg\"><\/a><br \/>\nMANIFEST DE LES ESCOLES ASSOCIADES DE LA UNESCO DE L\u2019ESTAT ESPANYOL<br \/>\nEns preguntem c\u00f3m \u00e9s possible que a Europa aparegui una nova guerra despr\u00e9s d\u2019haver patit dues guerres mundials al seu territori? Per qu\u00e8 un cop m\u00e9s hem de fer front al frac\u00e0s de la&hellip;  <a href=\"https:\/\/agora.xtec.cat\/ceippractiques2-lleida\/general\/manifest-xarxa-escoles-unesco\/\" title=\"Read Manifest Xarxa Escoles UNESCO\">Llegeix m\u00e9s\u00bb<\/a><\/p>\n","protected":false},"author":1,"featured_media":0,"comment_status":"open","ping_status":"closed","sticky":false,"template":"","format":"standard","meta":{"_bbp_topic_count":0,"_bbp_reply_count":0,"_bbp_total_topic_count":0,"_bbp_total_reply_count":0,"_bbp_voice_count":0,"_bbp_anonymous_reply_count":0,"_bbp_topic_count_hidden":0,"_bbp_reply_count_hidden":0,"_bbp_forum_subforum_count":0,"footnotes":""},"categories":[1,4],"tags":[],"class_list":["post-5332","post","type-post","status-publish","format-standard","hentry","category-general","category-portada"],"post_mailing_queue_ids":[],"_links":{"self":[{"href":"https:\/\/agora.xtec.cat\/ceippractiques2-lleida\/wp-json\/wp\/v2\/posts\/5332","targetHints":{"allow":["GET"]}}],"collection":[{"href":"https:\/\/agora.xtec.cat\/ceippractiques2-lleida\/wp-json\/wp\/v2\/posts"}],"about":[{"href":"https:\/\/agora.xtec.cat\/ceippractiques2-lleida\/wp-json\/wp\/v2\/types\/post"}],"author":[{"embeddable":true,"href":"https:\/\/agora.xtec.cat\/ceippractiques2-lleida\/wp-json\/wp\/v2\/users\/1"}],"replies":[{"embeddable":true,"href":"https:\/\/agora.xtec.cat\/ceippractiques2-lleida\/wp-json\/wp\/v2\/comments?post=5332"}],"version-history":[{"count":2,"href":"https:\/\/agora.xtec.cat\/ceippractiques2-lleida\/wp-json\/wp\/v2\/posts\/5332\/revisions"}],"predecessor-version":[{"id":5340,"href":"https:\/\/agora.xtec.cat\/ceippractiques2-lleida\/wp-json\/wp\/v2\/posts\/5332\/revisions\/5340"}],"wp:attachment":[{"href":"https:\/\/agora.xtec.cat\/ceippractiques2-lleida\/wp-json\/wp\/v2\/media?parent=5332"}],"wp:term":[{"taxonomy":"category","embeddable":true,"href":"https:\/\/agora.xtec.cat\/ceippractiques2-lleida\/wp-json\/wp\/v2\/categories?post=5332"},{"taxonomy":"post_tag","embeddable":true,"href":"https:\/\/agora.xtec.cat\/ceippractiques2-lleida\/wp-json\/wp\/v2\/tags?post=5332"}],"curies":[{"name":"wp","href":"https:\/\/api.w.org\/{rel}","templated":true}]}}