{"id":5328,"date":"2022-03-09T08:55:22","date_gmt":"2022-03-09T07:55:22","guid":{"rendered":"https:\/\/agora.xtec.cat\/ceippractiques2-lleida\/?p=5328"},"modified":"2022-03-09T08:55:22","modified_gmt":"2022-03-09T07:55:22","slug":"6e-certamen-lectura-en-veu-alta","status":"publish","type":"post","link":"https:\/\/agora.xtec.cat\/ceippractiques2-lleida\/general\/6e-certamen-lectura-en-veu-alta\/","title":{"rendered":"6\u00e8: Certamen Lectura en Veu  Alta"},"content":{"rendered":"<p>Enguany la nostra escola participa en el Certamen Nacional Infantil i Juvenil de Lectura en Veu Alta, el qual \u00e9s una iniciativa de la <a href=\"http:\/\/www.lecturaenveualta.cat\/\">Fundaci\u00f3 Enciclop\u00e8dia Catalana<\/a>, l\u2019objectiu de les quals \u00e9s promocionar la llengua i la cultura catalanes.<img loading=\"lazy\" decoding=\"async\" class=\"wp-image-1863 alignright\" src=\"http:\/\/agora.xtec.cat\/ceip-serradelobac\/wp-content\/uploads\/usu892\/2018\/02\/Captura-de-pantalla-2018-02-07-a-las-21.36.10.png\" sizes=\"auto, (max-width: 204px) 100vw, 204px\" srcset=\"https:\/\/agora.xtec.cat\/ceip-serradelobac\/wp-content\/uploads\/usu892\/2018\/02\/Captura-de-pantalla-2018-02-07-a-las-21.36.10.png 938w, https:\/\/agora.xtec.cat\/ceip-serradelobac\/wp-content\/uploads\/usu892\/2018\/02\/Captura-de-pantalla-2018-02-07-a-las-21.36.10-300x141.png 300w, https:\/\/agora.xtec.cat\/ceip-serradelobac\/wp-content\/uploads\/usu892\/2018\/02\/Captura-de-pantalla-2018-02-07-a-las-21.36.10-768x362.png 768w\" alt=\"\" width=\"204\" height=\"96\" \/><br \/>\nParticipen alumnes de 4t i 6\u00e8 de prim\u00e0ria en dues categories.<\/p>\n<p>Ahir despr\u00e9s de v\u00e0ries setmanes de treball vam realitzar les semifinals a 6\u00e8 per tal d&#8217;escollir el\/la representant de la nostra escola.<\/p>\n<p>El jurat ha estat composat per diferents mestres de l\u2019escola.<\/p>\n<p>Va ser un acte molt emotiu. Gaudiu mirant les fotografies clicant <a href=\"https:\/\/photos.app.goo.gl\/KSujL1szntLS29nQ6\" target=\"_blank\" rel=\"noopener\">AQUI<\/a>.<\/p>\n","protected":false},"excerpt":{"rendered":"<p>Enguany la nostra escola participa en el Certamen Nacional Infantil i Juvenil de Lectura en Veu Alta, el qual \u00e9s una iniciativa de la <a href=\"http:\/\/www.lecturaenveualta.cat\/\">Fundaci\u00f3 Enciclop\u00e8dia Catalana<\/a>, l\u2019objectiu de les quals \u00e9s promocionar la llengua i la cultura catalanes.<br \/>\nParticipen alumnes de 4t i 6\u00e8&hellip;  <a href=\"https:\/\/agora.xtec.cat\/ceippractiques2-lleida\/general\/6e-certamen-lectura-en-veu-alta\/\" title=\"Read 6\u00e8: Certamen Lectura en Veu  Alta\">Llegeix m\u00e9s\u00bb<\/a><\/p>\n","protected":false},"author":1,"featured_media":5329,"comment_status":"open","ping_status":"closed","sticky":false,"template":"","format":"standard","meta":{"_bbp_topic_count":0,"_bbp_reply_count":0,"_bbp_total_topic_count":0,"_bbp_total_reply_count":0,"_bbp_voice_count":0,"_bbp_anonymous_reply_count":0,"_bbp_topic_count_hidden":0,"_bbp_reply_count_hidden":0,"_bbp_forum_subforum_count":0,"footnotes":""},"categories":[15,5,1,4],"tags":[85,79],"class_list":["post-5328","post","type-post","status-publish","format-standard","has-post-thumbnail","hentry","category-6e","category-primaria","category-general","category-portada","tag-cicle-superior","tag-sise"],"post_mailing_queue_ids":[],"_links":{"self":[{"href":"https:\/\/agora.xtec.cat\/ceippractiques2-lleida\/wp-json\/wp\/v2\/posts\/5328","targetHints":{"allow":["GET"]}}],"collection":[{"href":"https:\/\/agora.xtec.cat\/ceippractiques2-lleida\/wp-json\/wp\/v2\/posts"}],"about":[{"href":"https:\/\/agora.xtec.cat\/ceippractiques2-lleida\/wp-json\/wp\/v2\/types\/post"}],"author":[{"embeddable":true,"href":"https:\/\/agora.xtec.cat\/ceippractiques2-lleida\/wp-json\/wp\/v2\/users\/1"}],"replies":[{"embeddable":true,"href":"https:\/\/agora.xtec.cat\/ceippractiques2-lleida\/wp-json\/wp\/v2\/comments?post=5328"}],"version-history":[{"count":1,"href":"https:\/\/agora.xtec.cat\/ceippractiques2-lleida\/wp-json\/wp\/v2\/posts\/5328\/revisions"}],"predecessor-version":[{"id":5330,"href":"https:\/\/agora.xtec.cat\/ceippractiques2-lleida\/wp-json\/wp\/v2\/posts\/5328\/revisions\/5330"}],"wp:featuredmedia":[{"embeddable":true,"href":"https:\/\/agora.xtec.cat\/ceippractiques2-lleida\/wp-json\/wp\/v2\/media\/5329"}],"wp:attachment":[{"href":"https:\/\/agora.xtec.cat\/ceippractiques2-lleida\/wp-json\/wp\/v2\/media?parent=5328"}],"wp:term":[{"taxonomy":"category","embeddable":true,"href":"https:\/\/agora.xtec.cat\/ceippractiques2-lleida\/wp-json\/wp\/v2\/categories?post=5328"},{"taxonomy":"post_tag","embeddable":true,"href":"https:\/\/agora.xtec.cat\/ceippractiques2-lleida\/wp-json\/wp\/v2\/tags?post=5328"}],"curies":[{"name":"wp","href":"https:\/\/api.w.org\/{rel}","templated":true}]}}