{"id":5188,"date":"2022-02-17T13:59:49","date_gmt":"2022-02-17T12:59:49","guid":{"rendered":"https:\/\/agora.xtec.cat\/ceippractiques2-lleida\/?p=5188"},"modified":"2022-02-17T14:00:14","modified_gmt":"2022-02-17T13:00:14","slug":"descobrint-el-sistema-solar-moviments-de-rotacio-i-translacio","status":"publish","type":"post","link":"https:\/\/agora.xtec.cat\/ceippractiques2-lleida\/general\/descobrint-el-sistema-solar-moviments-de-rotacio-i-translacio\/","title":{"rendered":"Descobrint el Sistema solar: els moviments de rotaci\u00f3 i translaci\u00f3"},"content":{"rendered":"<p>Els nens i nenes de 4rt han estat treballant aquests dies el Sistema Solar i els moviments de rotaci\u00f3 i translaci\u00f3. Han apr\u00e8s moltes coses sobre el Sol, la Lluna i els planetes realitzant diferents activitats des de l&#8217;\u00e0rea de Medi i Pl\u00e0stica.\u00a0 Han dissenyat maquetes, manualitats, i fins i tot han experimentat amb les seves ombres! A m\u00e9s, han tingut l&#8217;oportunitat d&#8217;anar-ho a explicar als menuts de l&#8217;escola, Cicle Infantil i Inicial.<\/p>\n\n\t\t<style type=\"text\/css\">\n\t\t\t#gallery-1 {\n\t\t\t\tmargin: auto;\n\t\t\t}\n\t\t\t#gallery-1 .gallery-item {\n\t\t\t\tfloat: left;\n\t\t\t\tmargin-top: 10px;\n\t\t\t\ttext-align: center;\n\t\t\t\twidth: 33%;\n\t\t\t}\n\t\t\t#gallery-1 img {\n\t\t\t\tborder: 2px solid #cfcfcf;\n\t\t\t}\n\t\t\t#gallery-1 .gallery-caption {\n\t\t\t\tmargin-left: 0;\n\t\t\t}\n\t\t\t\/* see gallery_shortcode() in wp-includes\/media.php *\/\n\t\t<\/style>\n\t\t<div id='gallery-1' class='gallery galleryid-5188 gallery-columns-3 gallery-size-thumbnail'><dl class='gallery-item'>\n\t\t\t<dt class='gallery-icon landscape'>\n\t\t\t\t<a href='https:\/\/agora.xtec.cat\/ceippractiques2-lleida\/general\/descobrint-el-sistema-solar-moviments-de-rotacio-i-translacio\/attachment\/photo-2022-02-11-21-44-12-2\/'><img loading=\"lazy\" decoding=\"async\" width=\"150\" height=\"150\" src=\"https:\/\/agora.xtec.cat\/ceippractiques2-lleida\/wp-content\/uploads\/usu635\/2022\/02\/PHOTO-2022-02-11-21-44-12-1-150x150.jpg\" class=\"attachment-thumbnail size-thumbnail\" alt=\"\" \/><\/a>\n\t\t\t<\/dt><\/dl><dl class='gallery-item'>\n\t\t\t<dt class='gallery-icon landscape'>\n\t\t\t\t<a href='https:\/\/agora.xtec.cat\/ceippractiques2-lleida\/general\/descobrint-el-sistema-solar-moviments-de-rotacio-i-translacio\/attachment\/photo-2022-02-11-21-43-32\/'><img loading=\"lazy\" decoding=\"async\" width=\"150\" height=\"150\" src=\"https:\/\/agora.xtec.cat\/ceippractiques2-lleida\/wp-content\/uploads\/usu635\/2022\/02\/PHOTO-2022-02-11-21-43-32-150x150.jpg\" class=\"attachment-thumbnail size-thumbnail\" alt=\"\" \/><\/a>\n\t\t\t<\/dt><\/dl><dl class='gallery-item'>\n\t\t\t<dt class='gallery-icon landscape'>\n\t\t\t\t<a href='https:\/\/agora.xtec.cat\/ceippractiques2-lleida\/general\/descobrint-el-sistema-solar-moviments-de-rotacio-i-translacio\/attachment\/photo-2022-02-11-21-43-27\/'><img loading=\"lazy\" decoding=\"async\" width=\"150\" height=\"150\" src=\"https:\/\/agora.xtec.cat\/ceippractiques2-lleida\/wp-content\/uploads\/usu635\/2022\/02\/PHOTO-2022-02-11-21-43-27-150x150.jpg\" class=\"attachment-thumbnail size-thumbnail\" alt=\"\" \/><\/a>\n\t\t\t<\/dt><\/dl><br style=\"clear: both\" \/><dl class='gallery-item'>\n\t\t\t<dt class='gallery-icon landscape'>\n\t\t\t\t<a href='https:\/\/agora.xtec.cat\/ceippractiques2-lleida\/general\/descobrint-el-sistema-solar-moviments-de-rotacio-i-translacio\/attachment\/photo-2022-02-11-21-42-51\/'><img loading=\"lazy\" decoding=\"async\" width=\"150\" height=\"150\" src=\"https:\/\/agora.xtec.cat\/ceippractiques2-lleida\/wp-content\/uploads\/usu635\/2022\/02\/PHOTO-2022-02-11-21-42-51-150x150.jpg\" class=\"attachment-thumbnail size-thumbnail\" alt=\"\" \/><\/a>\n\t\t\t<\/dt><\/dl><dl class='gallery-item'>\n\t\t\t<dt class='gallery-icon portrait'>\n\t\t\t\t<a href='https:\/\/agora.xtec.cat\/ceippractiques2-lleida\/general\/descobrint-el-sistema-solar-moviments-de-rotacio-i-translacio\/attachment\/photo-2022-02-11-21-42-27-2\/'><img loading=\"lazy\" decoding=\"async\" width=\"150\" height=\"150\" src=\"https:\/\/agora.xtec.cat\/ceippractiques2-lleida\/wp-content\/uploads\/usu635\/2022\/02\/PHOTO-2022-02-11-21-42-27-1-150x150.jpg\" class=\"attachment-thumbnail size-thumbnail\" alt=\"\" \/><\/a>\n\t\t\t<\/dt><\/dl><dl class='gallery-item'>\n\t\t\t<dt class='gallery-icon landscape'>\n\t\t\t\t<a href='https:\/\/agora.xtec.cat\/ceippractiques2-lleida\/general\/descobrint-el-sistema-solar-moviments-de-rotacio-i-translacio\/attachment\/photo-2022-02-11-21-44-12\/'><img loading=\"lazy\" decoding=\"async\" width=\"150\" height=\"150\" src=\"https:\/\/agora.xtec.cat\/ceippractiques2-lleida\/wp-content\/uploads\/usu635\/2022\/02\/PHOTO-2022-02-11-21-44-12-150x150.jpg\" class=\"attachment-thumbnail size-thumbnail\" alt=\"\" \/><\/a>\n\t\t\t<\/dt><\/dl><br style=\"clear: both\" \/><dl class='gallery-item'>\n\t\t\t<dt class='gallery-icon landscape'>\n\t\t\t\t<a href='https:\/\/agora.xtec.cat\/ceippractiques2-lleida\/general\/descobrint-el-sistema-solar-moviments-de-rotacio-i-translacio\/attachment\/photo-2022-02-11-21-42-08-3\/'><img loading=\"lazy\" decoding=\"async\" width=\"150\" height=\"150\" src=\"https:\/\/agora.xtec.cat\/ceippractiques2-lleida\/wp-content\/uploads\/usu635\/2022\/02\/PHOTO-2022-02-11-21-42-08-2-150x150.jpg\" class=\"attachment-thumbnail size-thumbnail\" alt=\"\" \/><\/a>\n\t\t\t<\/dt><\/dl><dl class='gallery-item'>\n\t\t\t<dt class='gallery-icon landscape'>\n\t\t\t\t<a href='https:\/\/agora.xtec.cat\/ceippractiques2-lleida\/general\/descobrint-el-sistema-solar-moviments-de-rotacio-i-translacio\/attachment\/photo-2022-02-11-21-42-14\/'><img loading=\"lazy\" decoding=\"async\" width=\"150\" height=\"150\" src=\"https:\/\/agora.xtec.cat\/ceippractiques2-lleida\/wp-content\/uploads\/usu635\/2022\/02\/PHOTO-2022-02-11-21-42-14-150x150.jpg\" class=\"attachment-thumbnail size-thumbnail\" alt=\"\" \/><\/a>\n\t\t\t<\/dt><\/dl><dl class='gallery-item'>\n\t\t\t<dt class='gallery-icon landscape'>\n\t\t\t\t<a href='https:\/\/agora.xtec.cat\/ceippractiques2-lleida\/general\/descobrint-el-sistema-solar-moviments-de-rotacio-i-translacio\/attachment\/photo-2022-02-11-21-42-21\/'><img loading=\"lazy\" decoding=\"async\" width=\"150\" height=\"150\" src=\"https:\/\/agora.xtec.cat\/ceippractiques2-lleida\/wp-content\/uploads\/usu635\/2022\/02\/PHOTO-2022-02-11-21-42-21-150x150.jpg\" class=\"attachment-thumbnail size-thumbnail\" alt=\"\" \/><\/a>\n\t\t\t<\/dt><\/dl><br style=\"clear: both\" \/>\n\t\t<\/div>\n\n<p>&nbsp;<\/p>\n","protected":false},"excerpt":{"rendered":"<p>Els nens i nenes de 4rt han estat treballant aquests dies el Sistema Solar i els moviments de rotaci\u00f3 i translaci\u00f3. Han apr\u00e8s moltes coses sobre el Sol, la Lluna i els planetes realitzant diferents activitats des de l&#8217;\u00e0rea de Medi i Pl\u00e0stica.\u00a0 Han dissenyat&hellip;  <a href=\"https:\/\/agora.xtec.cat\/ceippractiques2-lleida\/general\/descobrint-el-sistema-solar-moviments-de-rotacio-i-translacio\/\" title=\"Read Descobrint el Sistema solar: els moviments de rotaci\u00f3 i translaci\u00f3\">Llegeix m\u00e9s\u00bb<\/a><\/p>\n","protected":false},"author":1,"featured_media":5193,"comment_status":"open","ping_status":"closed","sticky":false,"template":"","format":"standard","meta":{"_bbp_topic_count":0,"_bbp_reply_count":0,"_bbp_total_topic_count":0,"_bbp_total_reply_count":0,"_bbp_voice_count":0,"_bbp_anonymous_reply_count":0,"_bbp_topic_count_hidden":0,"_bbp_reply_count_hidden":0,"_bbp_forum_subforum_count":0,"footnotes":""},"categories":[5,1,4],"tags":[66,69,72],"class_list":["post-5188","post","type-post","status-publish","format-standard","has-post-thumbnail","hentry","category-primaria","category-general","category-portada","tag-cicle-mitja","tag-quart","tag-tercer"],"post_mailing_queue_ids":[],"_links":{"self":[{"href":"https:\/\/agora.xtec.cat\/ceippractiques2-lleida\/wp-json\/wp\/v2\/posts\/5188","targetHints":{"allow":["GET"]}}],"collection":[{"href":"https:\/\/agora.xtec.cat\/ceippractiques2-lleida\/wp-json\/wp\/v2\/posts"}],"about":[{"href":"https:\/\/agora.xtec.cat\/ceippractiques2-lleida\/wp-json\/wp\/v2\/types\/post"}],"author":[{"embeddable":true,"href":"https:\/\/agora.xtec.cat\/ceippractiques2-lleida\/wp-json\/wp\/v2\/users\/1"}],"replies":[{"embeddable":true,"href":"https:\/\/agora.xtec.cat\/ceippractiques2-lleida\/wp-json\/wp\/v2\/comments?post=5188"}],"version-history":[{"count":3,"href":"https:\/\/agora.xtec.cat\/ceippractiques2-lleida\/wp-json\/wp\/v2\/posts\/5188\/revisions"}],"predecessor-version":[{"id":5204,"href":"https:\/\/agora.xtec.cat\/ceippractiques2-lleida\/wp-json\/wp\/v2\/posts\/5188\/revisions\/5204"}],"wp:featuredmedia":[{"embeddable":true,"href":"https:\/\/agora.xtec.cat\/ceippractiques2-lleida\/wp-json\/wp\/v2\/media\/5193"}],"wp:attachment":[{"href":"https:\/\/agora.xtec.cat\/ceippractiques2-lleida\/wp-json\/wp\/v2\/media?parent=5188"}],"wp:term":[{"taxonomy":"category","embeddable":true,"href":"https:\/\/agora.xtec.cat\/ceippractiques2-lleida\/wp-json\/wp\/v2\/categories?post=5188"},{"taxonomy":"post_tag","embeddable":true,"href":"https:\/\/agora.xtec.cat\/ceippractiques2-lleida\/wp-json\/wp\/v2\/tags?post=5188"}],"curies":[{"name":"wp","href":"https:\/\/api.w.org\/{rel}","templated":true}]}}