{"id":5176,"date":"2022-02-22T10:43:45","date_gmt":"2022-02-22T09:43:45","guid":{"rendered":"https:\/\/agora.xtec.cat\/ceippractiques2-lleida\/?p=5176"},"modified":"2022-02-22T10:43:45","modified_gmt":"2022-02-22T09:43:45","slug":"nous-racons-a-p3","status":"publish","type":"post","link":"https:\/\/agora.xtec.cat\/ceippractiques2-lleida\/general\/nous-racons-a-p3\/","title":{"rendered":"NOUS RACONS A P3"},"content":{"rendered":"<p>Amb l&#8217;inici del nou trimestre engeguem dos nous racons a les aules de les tortugues i els caragols. A les classes tenim dos nous espais diferents i engrescadors: el minim\u00f3n de l&#8217;hivern i les safates d&#8217;experimentaci\u00f3 sensorial.<\/p>\n<p>Al minim\u00f3n podem imaginar, representar i recrear un escenari d&#8217;hivern amb neu artificial i altres elements caracter\u00edstics d&#8217;aquesta \u00e9poca de l&#8217;any. Per una altra banda, les safates d&#8217;experimentaci\u00f3 ens permeten explorar, manipular i experimentar amb diversos materials que podem trobar en el nostre dia a dia.<\/p>\n<p>Tots dos racons ens ajuden a desenvolupar la nostra imaginaci\u00f3, creativitat i concentraci\u00f3.<\/p>\n<p>Com estem gaudint amb les dues propostes, ens han agradat molt i esperem que a vosaltres tamb\u00e9 us agradin tant com a nosaltres!<\/p>\n<p><a href=\"https:\/\/photos.app.goo.gl\/Zz6LAmUZtPJ6UjqEA\" target=\"_blank\" rel=\"noopener\"><img loading=\"lazy\" decoding=\"async\" class=\"aligncenter wp-image-5177 size-medium\" src=\"https:\/\/agora.xtec.cat\/ceippractiques2-lleida\/wp-content\/uploads\/usu635\/2022\/02\/IMG_4684-213x300.jpg\" alt=\"\" width=\"213\" height=\"300\" srcset=\"https:\/\/agora.xtec.cat\/ceippractiques2-lleida\/wp-content\/uploads\/usu635\/2022\/02\/IMG_4684-213x300.jpg 213w, https:\/\/agora.xtec.cat\/ceippractiques2-lleida\/wp-content\/uploads\/usu635\/2022\/02\/IMG_4684-726x1024.jpg 726w, https:\/\/agora.xtec.cat\/ceippractiques2-lleida\/wp-content\/uploads\/usu635\/2022\/02\/IMG_4684-768x1084.jpg 768w, https:\/\/agora.xtec.cat\/ceippractiques2-lleida\/wp-content\/uploads\/usu635\/2022\/02\/IMG_4684-1089x1536.jpg 1089w, https:\/\/agora.xtec.cat\/ceippractiques2-lleida\/wp-content\/uploads\/usu635\/2022\/02\/IMG_4684-1452x2048.jpg 1452w, https:\/\/agora.xtec.cat\/ceippractiques2-lleida\/wp-content\/uploads\/usu635\/2022\/02\/IMG_4684-scaled.jpg 1815w\" sizes=\"auto, (max-width: 213px) 100vw, 213px\" \/><\/a><\/p>\n","protected":false},"excerpt":{"rendered":"<p>Amb l&#8217;inici del nou trimestre engeguem dos nous racons a les aules de les tortugues i els caragols. A les classes tenim dos nous espais diferents i engrescadors: el minim\u00f3n de l&#8217;hivern i les safates d&#8217;experimentaci\u00f3 sensorial.<br \/>\nAl minim\u00f3n podem imaginar, representar i recrear un escenari&hellip;  <a href=\"https:\/\/agora.xtec.cat\/ceippractiques2-lleida\/general\/nous-racons-a-p3\/\" title=\"Read NOUS RACONS A P3\">Llegeix m\u00e9s\u00bb<\/a><\/p>\n","protected":false},"author":17,"featured_media":5178,"comment_status":"open","ping_status":"closed","sticky":false,"template":"","format":"standard","meta":{"_bbp_topic_count":0,"_bbp_reply_count":0,"_bbp_total_topic_count":0,"_bbp_total_reply_count":0,"_bbp_voice_count":0,"_bbp_anonymous_reply_count":0,"_bbp_topic_count_hidden":0,"_bbp_reply_count_hidden":0,"_bbp_forum_subforum_count":0,"footnotes":""},"categories":[2,1,3,4],"tags":[162,202,200,152,199,201,163],"class_list":["post-5176","post","type-post","status-publish","format-standard","has-post-thumbnail","hentry","category-infantil","category-general","category-i3","category-portada","tag-caragols","tag-experimentacio","tag-minimons","tag-p3","tag-racons","tag-safates","tag-tortugues"],"post_mailing_queue_ids":[],"_links":{"self":[{"href":"https:\/\/agora.xtec.cat\/ceippractiques2-lleida\/wp-json\/wp\/v2\/posts\/5176","targetHints":{"allow":["GET"]}}],"collection":[{"href":"https:\/\/agora.xtec.cat\/ceippractiques2-lleida\/wp-json\/wp\/v2\/posts"}],"about":[{"href":"https:\/\/agora.xtec.cat\/ceippractiques2-lleida\/wp-json\/wp\/v2\/types\/post"}],"author":[{"embeddable":true,"href":"https:\/\/agora.xtec.cat\/ceippractiques2-lleida\/wp-json\/wp\/v2\/users\/17"}],"replies":[{"embeddable":true,"href":"https:\/\/agora.xtec.cat\/ceippractiques2-lleida\/wp-json\/wp\/v2\/comments?post=5176"}],"version-history":[{"count":1,"href":"https:\/\/agora.xtec.cat\/ceippractiques2-lleida\/wp-json\/wp\/v2\/posts\/5176\/revisions"}],"predecessor-version":[{"id":5179,"href":"https:\/\/agora.xtec.cat\/ceippractiques2-lleida\/wp-json\/wp\/v2\/posts\/5176\/revisions\/5179"}],"wp:featuredmedia":[{"embeddable":true,"href":"https:\/\/agora.xtec.cat\/ceippractiques2-lleida\/wp-json\/wp\/v2\/media\/5178"}],"wp:attachment":[{"href":"https:\/\/agora.xtec.cat\/ceippractiques2-lleida\/wp-json\/wp\/v2\/media?parent=5176"}],"wp:term":[{"taxonomy":"category","embeddable":true,"href":"https:\/\/agora.xtec.cat\/ceippractiques2-lleida\/wp-json\/wp\/v2\/categories?post=5176"},{"taxonomy":"post_tag","embeddable":true,"href":"https:\/\/agora.xtec.cat\/ceippractiques2-lleida\/wp-json\/wp\/v2\/tags?post=5176"}],"curies":[{"name":"wp","href":"https:\/\/api.w.org\/{rel}","templated":true}]}}