{"id":5168,"date":"2022-02-16T23:13:27","date_gmt":"2022-02-16T22:13:27","guid":{"rendered":"https:\/\/agora.xtec.cat\/ceippractiques2-lleida\/?p=5168"},"modified":"2022-02-16T23:13:27","modified_gmt":"2022-02-16T22:13:27","slug":"taller-els-enigmes-dels-volcans","status":"publish","type":"post","link":"https:\/\/agora.xtec.cat\/ceippractiques2-lleida\/general\/taller-els-enigmes-dels-volcans\/","title":{"rendered":"TALLER &#8220;ELS ENIGMES DELS VOLCANS&#8221;"},"content":{"rendered":"<p>La setmana passada els nens i les nenes d&#8217;infantil vam acabar el taller de ci\u00e8ncies centrat en el treball dels volcans.<\/p>\n<p>Degut a l&#8217;inter\u00e8s que es va despertar en nosaltres per l&#8217;erupci\u00f3 del volc\u00e0 Cumbre Vieja a la Palma, hem estat realitzant un treball manipulatiu i experimental en relaci\u00f3 amb aquesta estructura geol\u00f2gica.<\/p>\n<p>Durant les diferents sessions hem identificat aquest element i hem pogut aprofundir amb les seves parts, la seva forma, el perqu\u00e8 de les erupcions i els tipus de volc\u00e0 que podem trobar.<\/p>\n<p>Tamb\u00e9 hem fet el nostre propi volc\u00e0 i l&#8217;hem pogut fer erupcionar.<\/p>\n<p>Ara ja som uns experts i expertes amb volcans!<\/p>\n<p>Que b\u00e9 que ens ho hem passat i com hem apr\u00e8s i gaudit!<\/p>\n<p>Mireu les fotos i ho podreu veure!<\/p>\n<div dir=\"auto\"><a href=\"https:\/\/photos.app.goo.gl\/LEEtnyrJ2AunLRMt5\" target=\"_blank\" rel=\"noopener\"><img loading=\"lazy\" decoding=\"async\" class=\"aligncenter wp-image-5169 size-medium\" src=\"https:\/\/agora.xtec.cat\/ceippractiques2-lleida\/wp-content\/uploads\/usu635\/2022\/02\/Captura-de-pantalla-2022-02-16-a-las-23.01.52-300x169.png\" alt=\"\" width=\"300\" height=\"169\" srcset=\"https:\/\/agora.xtec.cat\/ceippractiques2-lleida\/wp-content\/uploads\/usu635\/2022\/02\/Captura-de-pantalla-2022-02-16-a-las-23.01.52-300x169.png 300w, https:\/\/agora.xtec.cat\/ceippractiques2-lleida\/wp-content\/uploads\/usu635\/2022\/02\/Captura-de-pantalla-2022-02-16-a-las-23.01.52-1024x577.png 1024w, https:\/\/agora.xtec.cat\/ceippractiques2-lleida\/wp-content\/uploads\/usu635\/2022\/02\/Captura-de-pantalla-2022-02-16-a-las-23.01.52-768x433.png 768w, https:\/\/agora.xtec.cat\/ceippractiques2-lleida\/wp-content\/uploads\/usu635\/2022\/02\/Captura-de-pantalla-2022-02-16-a-las-23.01.52.png 1356w\" sizes=\"auto, (max-width: 300px) 100vw, 300px\" \/><\/a><\/div>\n<div dir=\"auto\"><\/div>\n<div dir=\"auto\"><\/div>\n<div dir=\"auto\"><\/div>\n<div dir=\"auto\"><a href=\"https:\/\/photos.app.goo.gl\/GsuYEfJ5eqXtECxV6\" target=\"_blank\" rel=\"noopener\"><img loading=\"lazy\" decoding=\"async\" class=\"aligncenter wp-image-5170 size-medium\" src=\"https:\/\/agora.xtec.cat\/ceippractiques2-lleida\/wp-content\/uploads\/usu635\/2022\/02\/Captura-de-pantalla-2022-02-16-a-las-23.04.41-300x222.png\" alt=\"\" width=\"300\" height=\"222\" srcset=\"https:\/\/agora.xtec.cat\/ceippractiques2-lleida\/wp-content\/uploads\/usu635\/2022\/02\/Captura-de-pantalla-2022-02-16-a-las-23.04.41-300x222.png 300w, https:\/\/agora.xtec.cat\/ceippractiques2-lleida\/wp-content\/uploads\/usu635\/2022\/02\/Captura-de-pantalla-2022-02-16-a-las-23.04.41-768x569.png 768w, https:\/\/agora.xtec.cat\/ceippractiques2-lleida\/wp-content\/uploads\/usu635\/2022\/02\/Captura-de-pantalla-2022-02-16-a-las-23.04.41.png 1024w\" sizes=\"auto, (max-width: 300px) 100vw, 300px\" \/><\/a><\/div>\n<div dir=\"auto\"><\/div>\n<div dir=\"auto\"><\/div>\n<div dir=\"auto\"><\/div>\n<div dir=\"auto\"><a href=\"https:\/\/photos.app.goo.gl\/tWttFcrv6oZcSmRFA\" target=\"_blank\" rel=\"noopener\"><img loading=\"lazy\" decoding=\"async\" class=\"aligncenter wp-image-5171 size-medium\" src=\"https:\/\/agora.xtec.cat\/ceippractiques2-lleida\/wp-content\/uploads\/usu635\/2022\/02\/Captura-de-pantalla-2022-02-16-a-las-23.07.30-300x212.png\" alt=\"\" width=\"300\" height=\"212\" srcset=\"https:\/\/agora.xtec.cat\/ceippractiques2-lleida\/wp-content\/uploads\/usu635\/2022\/02\/Captura-de-pantalla-2022-02-16-a-las-23.07.30-300x212.png 300w, https:\/\/agora.xtec.cat\/ceippractiques2-lleida\/wp-content\/uploads\/usu635\/2022\/02\/Captura-de-pantalla-2022-02-16-a-las-23.07.30-768x542.png 768w, https:\/\/agora.xtec.cat\/ceippractiques2-lleida\/wp-content\/uploads\/usu635\/2022\/02\/Captura-de-pantalla-2022-02-16-a-las-23.07.30.png 994w\" sizes=\"auto, (max-width: 300px) 100vw, 300px\" \/><\/a><\/div>\n","protected":false},"excerpt":{"rendered":"<p>La setmana passada els nens i les nenes d&#8217;infantil vam acabar el taller de ci\u00e8ncies centrat en el treball dels volcans.<br \/>\nDegut a l&#8217;inter\u00e8s que es va despertar en nosaltres per l&#8217;erupci\u00f3 del volc\u00e0 Cumbre Vieja a la Palma, hem estat realitzant un treball manipulatiu i&hellip;  <a href=\"https:\/\/agora.xtec.cat\/ceippractiques2-lleida\/general\/taller-els-enigmes-dels-volcans\/\" title=\"Read TALLER &#8220;ELS ENIGMES DELS VOLCANS&#8221;\">Llegeix m\u00e9s\u00bb<\/a><\/p>\n","protected":false},"author":17,"featured_media":5172,"comment_status":"open","ping_status":"closed","sticky":false,"template":"","format":"standard","meta":{"_bbp_topic_count":0,"_bbp_reply_count":0,"_bbp_total_topic_count":0,"_bbp_total_reply_count":0,"_bbp_voice_count":0,"_bbp_anonymous_reply_count":0,"_bbp_topic_count_hidden":0,"_bbp_reply_count_hidden":0,"_bbp_forum_subforum_count":0,"footnotes":""},"categories":[2,1,3,8,9,4,24],"tags":[152,154,148,194,198],"class_list":["post-5168","post","type-post","status-publish","format-standard","has-post-thumbnail","hentry","category-infantil","category-general","category-i3","category-i4","category-i5","category-portada","category-tallers","tag-p3","tag-p4","tag-p5","tag-tallers","tag-volcans"],"post_mailing_queue_ids":[],"_links":{"self":[{"href":"https:\/\/agora.xtec.cat\/ceippractiques2-lleida\/wp-json\/wp\/v2\/posts\/5168","targetHints":{"allow":["GET"]}}],"collection":[{"href":"https:\/\/agora.xtec.cat\/ceippractiques2-lleida\/wp-json\/wp\/v2\/posts"}],"about":[{"href":"https:\/\/agora.xtec.cat\/ceippractiques2-lleida\/wp-json\/wp\/v2\/types\/post"}],"author":[{"embeddable":true,"href":"https:\/\/agora.xtec.cat\/ceippractiques2-lleida\/wp-json\/wp\/v2\/users\/17"}],"replies":[{"embeddable":true,"href":"https:\/\/agora.xtec.cat\/ceippractiques2-lleida\/wp-json\/wp\/v2\/comments?post=5168"}],"version-history":[{"count":3,"href":"https:\/\/agora.xtec.cat\/ceippractiques2-lleida\/wp-json\/wp\/v2\/posts\/5168\/revisions"}],"predecessor-version":[{"id":5175,"href":"https:\/\/agora.xtec.cat\/ceippractiques2-lleida\/wp-json\/wp\/v2\/posts\/5168\/revisions\/5175"}],"wp:featuredmedia":[{"embeddable":true,"href":"https:\/\/agora.xtec.cat\/ceippractiques2-lleida\/wp-json\/wp\/v2\/media\/5172"}],"wp:attachment":[{"href":"https:\/\/agora.xtec.cat\/ceippractiques2-lleida\/wp-json\/wp\/v2\/media?parent=5168"}],"wp:term":[{"taxonomy":"category","embeddable":true,"href":"https:\/\/agora.xtec.cat\/ceippractiques2-lleida\/wp-json\/wp\/v2\/categories?post=5168"},{"taxonomy":"post_tag","embeddable":true,"href":"https:\/\/agora.xtec.cat\/ceippractiques2-lleida\/wp-json\/wp\/v2\/tags?post=5168"}],"curies":[{"name":"wp","href":"https:\/\/api.w.org\/{rel}","templated":true}]}}