{"id":5157,"date":"2022-02-12T09:08:55","date_gmt":"2022-02-12T08:08:55","guid":{"rendered":"https:\/\/agora.xtec.cat\/ceippractiques2-lleida\/?p=5157"},"modified":"2022-02-12T09:08:55","modified_gmt":"2022-02-12T08:08:55","slug":"1r-va-a-lauditori","status":"publish","type":"post","link":"https:\/\/agora.xtec.cat\/ceippractiques2-lleida\/general\/1r-va-a-lauditori\/","title":{"rendered":"1r VA A L&#8217;AUDITORI"},"content":{"rendered":"<p>Ahir divendres 11 de febrer els nens i nenes de primer vam poder gaudir d&#8217;un espectacle fant\u00e0stic a l&#8217;Auditori Enric Granados. Vam fer un viatge en vaixell fins a l&#8217;illa de Man, acompanyats de la m\u00fasica celta amb instruments tradicionals d&#8217;aquesta cultura. Vam escoltar un viol\u00ed el\u00e8ctric, una arpa celta, un acordi\u00f3&#8230; Vam gaudir d&#8217;all\u00f2 m\u00e9s amb una gran posada en escena!!<\/p>\n<p><strong>Cliqueu la imatge per veure totes les fotos!<\/strong><\/p>\n<p><a href=\"https:\/\/photos.app.goo.gl\/K611XMrwcWvk5B5k9\" target=\"_blank\" rel=\"noopener\"><img loading=\"lazy\" decoding=\"async\" class=\"aligncenter wp-image-5158\" src=\"https:\/\/agora.xtec.cat\/ceippractiques2-lleida\/wp-content\/uploads\/usu635\/2022\/02\/auditori-1r-comprimida-1024x768.jpg\" alt=\"\" width=\"712\" height=\"534\" srcset=\"https:\/\/agora.xtec.cat\/ceippractiques2-lleida\/wp-content\/uploads\/usu635\/2022\/02\/auditori-1r-comprimida-1024x768.jpg 1024w, https:\/\/agora.xtec.cat\/ceippractiques2-lleida\/wp-content\/uploads\/usu635\/2022\/02\/auditori-1r-comprimida-300x225.jpg 300w, https:\/\/agora.xtec.cat\/ceippractiques2-lleida\/wp-content\/uploads\/usu635\/2022\/02\/auditori-1r-comprimida-768x576.jpg 768w, https:\/\/agora.xtec.cat\/ceippractiques2-lleida\/wp-content\/uploads\/usu635\/2022\/02\/auditori-1r-comprimida-1536x1152.jpg 1536w, https:\/\/agora.xtec.cat\/ceippractiques2-lleida\/wp-content\/uploads\/usu635\/2022\/02\/auditori-1r-comprimida-200x150.jpg 200w, https:\/\/agora.xtec.cat\/ceippractiques2-lleida\/wp-content\/uploads\/usu635\/2022\/02\/auditori-1r-comprimida.jpg 2048w\" sizes=\"auto, (max-width: 712px) 100vw, 712px\" \/><\/a><\/p>\n<p>&nbsp;<\/p>\n","protected":false},"excerpt":{"rendered":"<p>Ahir divendres 11 de febrer els nens i nenes de primer vam poder gaudir d&#8217;un espectacle fant\u00e0stic a l&#8217;Auditori Enric Granados. Vam fer un viatge en vaixell fins a l&#8217;illa de Man, acompanyats de la m\u00fasica celta amb instruments tradicionals d&#8217;aquesta cultura. Vam escoltar un&hellip;  <a href=\"https:\/\/agora.xtec.cat\/ceippractiques2-lleida\/general\/1r-va-a-lauditori\/\" title=\"Read 1r VA A L&#8217;AUDITORI\">Llegeix m\u00e9s\u00bb<\/a><\/p>\n","protected":false},"author":16,"featured_media":5158,"comment_status":"open","ping_status":"closed","sticky":false,"template":"","format":"standard","meta":{"_bbp_topic_count":0,"_bbp_reply_count":0,"_bbp_total_topic_count":0,"_bbp_total_reply_count":0,"_bbp_voice_count":0,"_bbp_anonymous_reply_count":0,"_bbp_topic_count_hidden":0,"_bbp_reply_count_hidden":0,"_bbp_forum_subforum_count":0,"footnotes":""},"categories":[10,5,1,4],"tags":[],"class_list":["post-5157","post","type-post","status-publish","format-standard","has-post-thumbnail","hentry","category-1r","category-primaria","category-general","category-portada"],"post_mailing_queue_ids":[],"_links":{"self":[{"href":"https:\/\/agora.xtec.cat\/ceippractiques2-lleida\/wp-json\/wp\/v2\/posts\/5157","targetHints":{"allow":["GET"]}}],"collection":[{"href":"https:\/\/agora.xtec.cat\/ceippractiques2-lleida\/wp-json\/wp\/v2\/posts"}],"about":[{"href":"https:\/\/agora.xtec.cat\/ceippractiques2-lleida\/wp-json\/wp\/v2\/types\/post"}],"author":[{"embeddable":true,"href":"https:\/\/agora.xtec.cat\/ceippractiques2-lleida\/wp-json\/wp\/v2\/users\/16"}],"replies":[{"embeddable":true,"href":"https:\/\/agora.xtec.cat\/ceippractiques2-lleida\/wp-json\/wp\/v2\/comments?post=5157"}],"version-history":[{"count":2,"href":"https:\/\/agora.xtec.cat\/ceippractiques2-lleida\/wp-json\/wp\/v2\/posts\/5157\/revisions"}],"predecessor-version":[{"id":5160,"href":"https:\/\/agora.xtec.cat\/ceippractiques2-lleida\/wp-json\/wp\/v2\/posts\/5157\/revisions\/5160"}],"wp:featuredmedia":[{"embeddable":true,"href":"https:\/\/agora.xtec.cat\/ceippractiques2-lleida\/wp-json\/wp\/v2\/media\/5158"}],"wp:attachment":[{"href":"https:\/\/agora.xtec.cat\/ceippractiques2-lleida\/wp-json\/wp\/v2\/media?parent=5157"}],"wp:term":[{"taxonomy":"category","embeddable":true,"href":"https:\/\/agora.xtec.cat\/ceippractiques2-lleida\/wp-json\/wp\/v2\/categories?post=5157"},{"taxonomy":"post_tag","embeddable":true,"href":"https:\/\/agora.xtec.cat\/ceippractiques2-lleida\/wp-json\/wp\/v2\/tags?post=5157"}],"curies":[{"name":"wp","href":"https:\/\/api.w.org\/{rel}","templated":true}]}}