{"id":5143,"date":"2022-02-07T09:41:46","date_gmt":"2022-02-07T08:41:46","guid":{"rendered":"https:\/\/agora.xtec.cat\/ceippractiques2-lleida\/?p=5143"},"modified":"2022-02-07T09:43:18","modified_gmt":"2022-02-07T08:43:18","slug":"educacio-viaria-a-cicle-mitja","status":"publish","type":"post","link":"https:\/\/agora.xtec.cat\/ceippractiques2-lleida\/general\/educacio-viaria-a-cicle-mitja\/","title":{"rendered":"EDUCACI\u00d3 VI\u00c0RIA A CICLE MITJ\u00c0"},"content":{"rendered":"<p>Avui 7 de febrer les nenes i nens de tercer fem l&#8217;\u00faltima classe te\u00f2rica d&#8217;educaci\u00f3 vi\u00e0ria. Ja nom\u00e9s ens resta la classe pr\u00e0ctica on demostrarem que ja som BONS VIANANTS i PETITS CONDUCTORS!<a href=\"https:\/\/agora.xtec.cat\/ceippractiques2-lleida\/wp-content\/uploads\/usu635\/2022\/02\/IMG_4483-scaled.jpg\"><img loading=\"lazy\" decoding=\"async\" class=\"alignnone wp-image-5144\" src=\"https:\/\/agora.xtec.cat\/ceippractiques2-lleida\/wp-content\/uploads\/usu635\/2022\/02\/IMG_4483-768x1024.jpg\" alt=\"\" width=\"484\" height=\"645\" srcset=\"https:\/\/agora.xtec.cat\/ceippractiques2-lleida\/wp-content\/uploads\/usu635\/2022\/02\/IMG_4483-768x1024.jpg 768w, https:\/\/agora.xtec.cat\/ceippractiques2-lleida\/wp-content\/uploads\/usu635\/2022\/02\/IMG_4483-225x300.jpg 225w, https:\/\/agora.xtec.cat\/ceippractiques2-lleida\/wp-content\/uploads\/usu635\/2022\/02\/IMG_4483-1152x1536.jpg 1152w, https:\/\/agora.xtec.cat\/ceippractiques2-lleida\/wp-content\/uploads\/usu635\/2022\/02\/IMG_4483-1536x2048.jpg 1536w, https:\/\/agora.xtec.cat\/ceippractiques2-lleida\/wp-content\/uploads\/usu635\/2022\/02\/IMG_4483-scaled.jpg 1920w\" sizes=\"auto, (max-width: 484px) 100vw, 484px\" \/><\/a> <a href=\"https:\/\/agora.xtec.cat\/ceippractiques2-lleida\/wp-content\/uploads\/usu635\/2022\/02\/IMG_4487.jpg\"><img loading=\"lazy\" decoding=\"async\" class=\"alignnone wp-image-5145\" src=\"https:\/\/agora.xtec.cat\/ceippractiques2-lleida\/wp-content\/uploads\/usu635\/2022\/02\/IMG_4487.jpg\" alt=\"\" width=\"486\" height=\"356\" srcset=\"https:\/\/agora.xtec.cat\/ceippractiques2-lleida\/wp-content\/uploads\/usu635\/2022\/02\/IMG_4487.jpg 748w, https:\/\/agora.xtec.cat\/ceippractiques2-lleida\/wp-content\/uploads\/usu635\/2022\/02\/IMG_4487-300x220.jpg 300w\" sizes=\"auto, (max-width: 486px) 100vw, 486px\" \/><\/a><\/p>\n","protected":false},"excerpt":{"rendered":"<p>Avui 7 de febrer les nenes i nens de tercer fem l&#8217;\u00faltima classe te\u00f2rica d&#8217;educaci\u00f3 vi\u00e0ria. Ja nom\u00e9s ens resta la classe pr\u00e0ctica on demostrarem que ja som BONS VIANANTS i PETITS CONDUCTORS!<a href=\"https:\/\/agora.xtec.cat\/ceippractiques2-lleida\/wp-content\/uploads\/usu635\/2022\/02\/IMG_4483-scaled.jpg\"><\/a> <a href=\"https:\/\/agora.xtec.cat\/ceippractiques2-lleida\/wp-content\/uploads\/usu635\/2022\/02\/IMG_4487.jpg\"><\/a><\/p>\n","protected":false},"author":1,"featured_media":5145,"comment_status":"open","ping_status":"closed","sticky":false,"template":"","format":"standard","meta":{"_bbp_topic_count":0,"_bbp_reply_count":0,"_bbp_total_topic_count":0,"_bbp_total_reply_count":0,"_bbp_voice_count":0,"_bbp_anonymous_reply_count":0,"_bbp_topic_count_hidden":0,"_bbp_reply_count_hidden":0,"_bbp_forum_subforum_count":0,"footnotes":""},"categories":[12,13,1,4],"tags":[66],"class_list":["post-5143","post","type-post","status-publish","format-standard","has-post-thumbnail","hentry","category-3r","category-4t","category-general","category-portada","tag-cicle-mitja"],"post_mailing_queue_ids":[],"_links":{"self":[{"href":"https:\/\/agora.xtec.cat\/ceippractiques2-lleida\/wp-json\/wp\/v2\/posts\/5143","targetHints":{"allow":["GET"]}}],"collection":[{"href":"https:\/\/agora.xtec.cat\/ceippractiques2-lleida\/wp-json\/wp\/v2\/posts"}],"about":[{"href":"https:\/\/agora.xtec.cat\/ceippractiques2-lleida\/wp-json\/wp\/v2\/types\/post"}],"author":[{"embeddable":true,"href":"https:\/\/agora.xtec.cat\/ceippractiques2-lleida\/wp-json\/wp\/v2\/users\/1"}],"replies":[{"embeddable":true,"href":"https:\/\/agora.xtec.cat\/ceippractiques2-lleida\/wp-json\/wp\/v2\/comments?post=5143"}],"version-history":[{"count":1,"href":"https:\/\/agora.xtec.cat\/ceippractiques2-lleida\/wp-json\/wp\/v2\/posts\/5143\/revisions"}],"predecessor-version":[{"id":5146,"href":"https:\/\/agora.xtec.cat\/ceippractiques2-lleida\/wp-json\/wp\/v2\/posts\/5143\/revisions\/5146"}],"wp:featuredmedia":[{"embeddable":true,"href":"https:\/\/agora.xtec.cat\/ceippractiques2-lleida\/wp-json\/wp\/v2\/media\/5145"}],"wp:attachment":[{"href":"https:\/\/agora.xtec.cat\/ceippractiques2-lleida\/wp-json\/wp\/v2\/media?parent=5143"}],"wp:term":[{"taxonomy":"category","embeddable":true,"href":"https:\/\/agora.xtec.cat\/ceippractiques2-lleida\/wp-json\/wp\/v2\/categories?post=5143"},{"taxonomy":"post_tag","embeddable":true,"href":"https:\/\/agora.xtec.cat\/ceippractiques2-lleida\/wp-json\/wp\/v2\/tags?post=5143"}],"curies":[{"name":"wp","href":"https:\/\/api.w.org\/{rel}","templated":true}]}}