{"id":5130,"date":"2022-02-02T12:18:03","date_gmt":"2022-02-02T11:18:03","guid":{"rendered":"https:\/\/agora.xtec.cat\/ceippractiques2-lleida\/?p=5130"},"modified":"2022-02-02T12:18:03","modified_gmt":"2022-02-02T11:18:03","slug":"ludoteca-arenys-del-segre-p4","status":"publish","type":"post","link":"https:\/\/agora.xtec.cat\/ceippractiques2-lleida\/general\/ludoteca-arenys-del-segre-p4\/","title":{"rendered":"LUDOTECA ARENYS DEL SEGRE. P4"},"content":{"rendered":"<p style=\"text-align: center\">La setmana passada els alumnes de P4 A i P4 B van realitzar la sortida a la ludoteca els Arenys del Segre.<\/p>\n<p>Els vostres fills i filles van gaudir d&#8217;all\u00f2 m\u00e9s. Teniu ganes de passar-ho tamb\u00e9 com ells? Doncs, us deixem un recull de fotografies per a que pugueu veure&#8217;ls en acci\u00f3.<\/p>\n<p>Esperem que us agradi moltiiisssssiiiiiimmmmm!!!!!!<\/p>\n<p>Cliqueu damunt les imatges<\/p>\n<p><strong>\u00a0P4 A\u00a0 \u00a0 \u00a0ELS CAVALLS\u00a0<\/strong> \u00a0 \u00a0 \u00a0 \u00a0 \u00a0 \u00a0 \u00a0 \u00a0 \u00a0 \u00a0 \u00a0 \u00a0 \u00a0 \u00a0 \u00a0 \u00a0 \u00a0 \u00a0 \u00a0 \u00a0 \u00a0 \u00a0 \u00a0 \u00a0 \u00a0 \u00a0 \u00a0 \u00a0 \u00a0 \u00a0 \u00a0 \u00a0 \u00a0 \u00a0 \u00a0 \u00a0 \u00a0 \u00a0 \u00a0 \u00a0 \u00a0 \u00a0 \u00a0 \u00a0 \u00a0 \u00a0 <strong>P4 B\u00a0 ELS \u00c0NECS<\/strong><\/p>\n<p>&nbsp;<\/p>\n<p><a href=\"https:\/\/photos.app.goo.gl\/y8wbK6MmL6ypogDv6\">\u00a0 \u00a0 \u00a0 <img loading=\"lazy\" decoding=\"async\" class=\"alignnone  wp-image-4880\" src=\"https:\/\/agora.xtec.cat\/ceippractiques2-lleida\/wp-content\/uploads\/usu635\/2021\/10\/Captura-de-pantalla-2021-10-29-a-las-18.11.35-1024x704.png\" alt=\"\" width=\"362\" height=\"249\" srcset=\"https:\/\/agora.xtec.cat\/ceippractiques2-lleida\/wp-content\/uploads\/usu635\/2021\/10\/Captura-de-pantalla-2021-10-29-a-las-18.11.35-1024x704.png 1024w, https:\/\/agora.xtec.cat\/ceippractiques2-lleida\/wp-content\/uploads\/usu635\/2021\/10\/Captura-de-pantalla-2021-10-29-a-las-18.11.35-300x206.png 300w, https:\/\/agora.xtec.cat\/ceippractiques2-lleida\/wp-content\/uploads\/usu635\/2021\/10\/Captura-de-pantalla-2021-10-29-a-las-18.11.35-768x528.png 768w, https:\/\/agora.xtec.cat\/ceippractiques2-lleida\/wp-content\/uploads\/usu635\/2021\/10\/Captura-de-pantalla-2021-10-29-a-las-18.11.35-1536x1057.png 1536w, https:\/\/agora.xtec.cat\/ceippractiques2-lleida\/wp-content\/uploads\/usu635\/2021\/10\/Captura-de-pantalla-2021-10-29-a-las-18.11.35.png 1596w\" sizes=\"auto, (max-width: 362px) 100vw, 362px\" \/>\u00a0 \u00a0 \u00a0 \u00a0 \u00a0 \u00a0 \u00a0 \u00a0 \u00a0 \u00a0 \u00a0 \u00a0 \u00a0 \u00a0 \u00a0 \u00a0 \u00a0 \u00a0 \u00a0 \u00a0 \u00a0 \u00a0 <\/a><a href=\"https:\/\/photos.app.goo.gl\/GdjLaJN88xVkkCYo8\"><img loading=\"lazy\" decoding=\"async\" class=\"alignnone  wp-image-4880\" src=\"https:\/\/agora.xtec.cat\/ceippractiques2-lleida\/wp-content\/uploads\/usu635\/2021\/10\/Captura-de-pantalla-2021-10-29-a-las-18.11.35-1024x704.png\" alt=\"\" width=\"361\" height=\"248\" srcset=\"https:\/\/agora.xtec.cat\/ceippractiques2-lleida\/wp-content\/uploads\/usu635\/2021\/10\/Captura-de-pantalla-2021-10-29-a-las-18.11.35-1024x704.png 1024w, https:\/\/agora.xtec.cat\/ceippractiques2-lleida\/wp-content\/uploads\/usu635\/2021\/10\/Captura-de-pantalla-2021-10-29-a-las-18.11.35-300x206.png 300w, https:\/\/agora.xtec.cat\/ceippractiques2-lleida\/wp-content\/uploads\/usu635\/2021\/10\/Captura-de-pantalla-2021-10-29-a-las-18.11.35-768x528.png 768w, https:\/\/agora.xtec.cat\/ceippractiques2-lleida\/wp-content\/uploads\/usu635\/2021\/10\/Captura-de-pantalla-2021-10-29-a-las-18.11.35-1536x1057.png 1536w, https:\/\/agora.xtec.cat\/ceippractiques2-lleida\/wp-content\/uploads\/usu635\/2021\/10\/Captura-de-pantalla-2021-10-29-a-las-18.11.35.png 1596w\" sizes=\"auto, (max-width: 361px) 100vw, 361px\" \/><\/a><\/p>\n","protected":false},"excerpt":{"rendered":"<p>La setmana passada els alumnes de P4 A i P4 B van realitzar la sortida a la ludoteca els Arenys del Segre.<br \/>\nEls vostres fills i filles van gaudir d&#8217;all\u00f2 m\u00e9s. Teniu ganes de passar-ho tamb\u00e9 com ells? Doncs, us deixem un recull de fotografies per&hellip;  <a href=\"https:\/\/agora.xtec.cat\/ceippractiques2-lleida\/general\/ludoteca-arenys-del-segre-p4\/\" title=\"Read LUDOTECA ARENYS DEL SEGRE. P4\">Llegeix m\u00e9s\u00bb<\/a><\/p>\n","protected":false},"author":22,"featured_media":4880,"comment_status":"open","ping_status":"closed","sticky":false,"template":"","format":"standard","meta":{"_bbp_topic_count":0,"_bbp_reply_count":0,"_bbp_total_topic_count":0,"_bbp_total_reply_count":0,"_bbp_voice_count":0,"_bbp_anonymous_reply_count":0,"_bbp_topic_count_hidden":0,"_bbp_reply_count_hidden":0,"_bbp_forum_subforum_count":0,"footnotes":""},"categories":[2,1,8,4],"tags":[],"class_list":["post-5130","post","type-post","status-publish","format-standard","has-post-thumbnail","hentry","category-infantil","category-general","category-i4","category-portada"],"post_mailing_queue_ids":[],"_links":{"self":[{"href":"https:\/\/agora.xtec.cat\/ceippractiques2-lleida\/wp-json\/wp\/v2\/posts\/5130","targetHints":{"allow":["GET"]}}],"collection":[{"href":"https:\/\/agora.xtec.cat\/ceippractiques2-lleida\/wp-json\/wp\/v2\/posts"}],"about":[{"href":"https:\/\/agora.xtec.cat\/ceippractiques2-lleida\/wp-json\/wp\/v2\/types\/post"}],"author":[{"embeddable":true,"href":"https:\/\/agora.xtec.cat\/ceippractiques2-lleida\/wp-json\/wp\/v2\/users\/22"}],"replies":[{"embeddable":true,"href":"https:\/\/agora.xtec.cat\/ceippractiques2-lleida\/wp-json\/wp\/v2\/comments?post=5130"}],"version-history":[{"count":2,"href":"https:\/\/agora.xtec.cat\/ceippractiques2-lleida\/wp-json\/wp\/v2\/posts\/5130\/revisions"}],"predecessor-version":[{"id":5132,"href":"https:\/\/agora.xtec.cat\/ceippractiques2-lleida\/wp-json\/wp\/v2\/posts\/5130\/revisions\/5132"}],"wp:featuredmedia":[{"embeddable":true,"href":"https:\/\/agora.xtec.cat\/ceippractiques2-lleida\/wp-json\/wp\/v2\/media\/4880"}],"wp:attachment":[{"href":"https:\/\/agora.xtec.cat\/ceippractiques2-lleida\/wp-json\/wp\/v2\/media?parent=5130"}],"wp:term":[{"taxonomy":"category","embeddable":true,"href":"https:\/\/agora.xtec.cat\/ceippractiques2-lleida\/wp-json\/wp\/v2\/categories?post=5130"},{"taxonomy":"post_tag","embeddable":true,"href":"https:\/\/agora.xtec.cat\/ceippractiques2-lleida\/wp-json\/wp\/v2\/tags?post=5130"}],"curies":[{"name":"wp","href":"https:\/\/api.w.org\/{rel}","templated":true}]}}