{"id":5118,"date":"2022-01-30T21:02:51","date_gmt":"2022-01-30T20:02:51","guid":{"rendered":"https:\/\/agora.xtec.cat\/ceippractiques2-lleida\/?p=5118"},"modified":"2022-01-30T21:03:29","modified_gmt":"2022-01-30T20:03:29","slug":"2n-va-dexcrusio-a-la-ludoteca","status":"publish","type":"post","link":"https:\/\/agora.xtec.cat\/ceippractiques2-lleida\/portada\/2n-va-dexcrusio-a-la-ludoteca\/","title":{"rendered":"2n VA D&#8217;EXCRUSI\u00d3 A LA LUDOTECA"},"content":{"rendered":"<p>El dimecres 26 les nenes i els nens de 2n vam anar d\u2019excursi\u00f3 a la ludoteca del centre hist\u00f2ric i ens ho vam passar d\u2019all\u00f2 m\u00e9s b\u00e9! Va ser una sortida molt especial perqu\u00e8 ten\u00edem moltes ganes de jugar en aquest espai tan bonic que tenim prop de la nostra escola. Vam poder jugar a moltes coses: a disfresses, a construccions, a jocs de taula, a trencaclosques,&#8230;<\/p>\n<p>Des de la ludoteca, ens han donat una invitaci\u00f3 per poder-hi anar amb la fam\u00edlia i passar una bona estona. La veritat \u00e9s que ha estat molt divertit i ens ho hem passat genial!!!<\/p>\n<p><span style=\"text-decoration: underline;\"><strong>CLIQUEU LA IMATGE PER VEURE-LES TOTES!<\/strong><\/span><\/p>\n<p><a href=\"https:\/\/photos.app.goo.gl\/J3eTzv2s91jfUr138\" target=\"_blank\" rel=\"noopener\"><br \/>\n<img loading=\"lazy\" decoding=\"async\" class=\"wp-image-5119 aligncenter\" src=\"https:\/\/agora.xtec.cat\/ceippractiques2-lleida\/wp-content\/uploads\/usu635\/2022\/01\/foto-portada-comprimida-1024x488.png\" alt=\"\" width=\"664\" height=\"317\" srcset=\"https:\/\/agora.xtec.cat\/ceippractiques2-lleida\/wp-content\/uploads\/usu635\/2022\/01\/foto-portada-comprimida-1024x488.png 1024w, https:\/\/agora.xtec.cat\/ceippractiques2-lleida\/wp-content\/uploads\/usu635\/2022\/01\/foto-portada-comprimida-300x143.png 300w, https:\/\/agora.xtec.cat\/ceippractiques2-lleida\/wp-content\/uploads\/usu635\/2022\/01\/foto-portada-comprimida-768x366.png 768w, https:\/\/agora.xtec.cat\/ceippractiques2-lleida\/wp-content\/uploads\/usu635\/2022\/01\/foto-portada-comprimida-1536x732.png 1536w, https:\/\/agora.xtec.cat\/ceippractiques2-lleida\/wp-content\/uploads\/usu635\/2022\/01\/foto-portada-comprimida.png 1898w\" sizes=\"auto, (max-width: 664px) 100vw, 664px\" \/><\/a><\/p>\n<p>&nbsp;<\/p>\n<p>&nbsp;<\/p>\n<p>&nbsp;<\/p>\n","protected":false},"excerpt":{"rendered":"<p>El dimecres 26 les nenes i els nens de 2n vam anar d\u2019excursi\u00f3 a la ludoteca del centre hist\u00f2ric i ens ho vam passar d\u2019all\u00f2 m\u00e9s b\u00e9! Va ser una sortida molt especial perqu\u00e8 ten\u00edem moltes ganes de jugar en aquest espai tan bonic que&hellip;  <a href=\"https:\/\/agora.xtec.cat\/ceippractiques2-lleida\/portada\/2n-va-dexcrusio-a-la-ludoteca\/\" title=\"Read 2n VA D&#8217;EXCRUSI\u00d3 A LA LUDOTECA\">Llegeix m\u00e9s\u00bb<\/a><\/p>\n","protected":false},"author":16,"featured_media":5119,"comment_status":"open","ping_status":"closed","sticky":false,"template":"","format":"standard","meta":{"_bbp_topic_count":0,"_bbp_reply_count":0,"_bbp_total_topic_count":0,"_bbp_total_reply_count":0,"_bbp_voice_count":0,"_bbp_anonymous_reply_count":0,"_bbp_topic_count_hidden":0,"_bbp_reply_count_hidden":0,"_bbp_forum_subforum_count":0,"footnotes":""},"categories":[11,5,4],"tags":[197,187],"class_list":["post-5118","post","type-post","status-publish","format-standard","has-post-thumbnail","hentry","category-2n","category-primaria","category-portada","tag-2n","tag-cicle-inicial"],"post_mailing_queue_ids":[],"_links":{"self":[{"href":"https:\/\/agora.xtec.cat\/ceippractiques2-lleida\/wp-json\/wp\/v2\/posts\/5118","targetHints":{"allow":["GET"]}}],"collection":[{"href":"https:\/\/agora.xtec.cat\/ceippractiques2-lleida\/wp-json\/wp\/v2\/posts"}],"about":[{"href":"https:\/\/agora.xtec.cat\/ceippractiques2-lleida\/wp-json\/wp\/v2\/types\/post"}],"author":[{"embeddable":true,"href":"https:\/\/agora.xtec.cat\/ceippractiques2-lleida\/wp-json\/wp\/v2\/users\/16"}],"replies":[{"embeddable":true,"href":"https:\/\/agora.xtec.cat\/ceippractiques2-lleida\/wp-json\/wp\/v2\/comments?post=5118"}],"version-history":[{"count":3,"href":"https:\/\/agora.xtec.cat\/ceippractiques2-lleida\/wp-json\/wp\/v2\/posts\/5118\/revisions"}],"predecessor-version":[{"id":5122,"href":"https:\/\/agora.xtec.cat\/ceippractiques2-lleida\/wp-json\/wp\/v2\/posts\/5118\/revisions\/5122"}],"wp:featuredmedia":[{"embeddable":true,"href":"https:\/\/agora.xtec.cat\/ceippractiques2-lleida\/wp-json\/wp\/v2\/media\/5119"}],"wp:attachment":[{"href":"https:\/\/agora.xtec.cat\/ceippractiques2-lleida\/wp-json\/wp\/v2\/media?parent=5118"}],"wp:term":[{"taxonomy":"category","embeddable":true,"href":"https:\/\/agora.xtec.cat\/ceippractiques2-lleida\/wp-json\/wp\/v2\/categories?post=5118"},{"taxonomy":"post_tag","embeddable":true,"href":"https:\/\/agora.xtec.cat\/ceippractiques2-lleida\/wp-json\/wp\/v2\/tags?post=5118"}],"curies":[{"name":"wp","href":"https:\/\/api.w.org\/{rel}","templated":true}]}}