{"id":5055,"date":"2022-01-14T13:02:33","date_gmt":"2022-01-14T12:02:33","guid":{"rendered":"https:\/\/agora.xtec.cat\/ceippractiques2-lleida\/?p=5055"},"modified":"2022-01-14T13:05:51","modified_gmt":"2022-01-14T12:05:51","slug":"festes-de-nadal-2022","status":"publish","type":"post","link":"https:\/\/agora.xtec.cat\/ceippractiques2-lleida\/general\/festes-de-nadal-2022\/","title":{"rendered":"Festes de Nadal 2022"},"content":{"rendered":"<p>Les festes de Nadal a l&#8217;escola han estat molt riques i divertides a l&#8217;escola.<\/p>\n<p>Aqu\u00ed us deixem l&#8217;acc\u00e9s a les nostres felicitacions i al concert telem\u00e0tic.<\/p>\n<p><a href=\"https:\/\/view.genial.ly\/61c2208c5866780dc933c90e\/interactive-image-concert-nadal-2021\">Accedeix al con<\/a><a href=\"https:\/\/view.genial.ly\/61c2208c5866780dc933c90e\/interactive-image-concert-nadal-2021\">cert<\/a><\/p>\n<p><a href=\"https:\/\/www.youtube.com\/watch?v=vhKo8ebgMP4\">Accedeix a la felicitaci\u00f3 de l&#8217;escola.<\/a><\/p>\n<p><a href=\"https:\/\/www.youtube.com\/watch?v=vhKo8ebgMP4\"><img loading=\"lazy\" decoding=\"async\" class=\"aligncenter size-full wp-image-5043\" src=\"https:\/\/agora.xtec.cat\/ceippractiques2-lleida\/wp-content\/uploads\/usu635\/2021\/12\/Red-and-White-Simple-Merry-Christmas-Greeting-Facebook-Post.png\" alt=\"\" width=\"940\" height=\"788\" srcset=\"https:\/\/agora.xtec.cat\/ceippractiques2-lleida\/wp-content\/uploads\/usu635\/2021\/12\/Red-and-White-Simple-Merry-Christmas-Greeting-Facebook-Post.png 940w, https:\/\/agora.xtec.cat\/ceippractiques2-lleida\/wp-content\/uploads\/usu635\/2021\/12\/Red-and-White-Simple-Merry-Christmas-Greeting-Facebook-Post-300x250.png 300w, https:\/\/agora.xtec.cat\/ceippractiques2-lleida\/wp-content\/uploads\/usu635\/2021\/12\/Red-and-White-Simple-Merry-Christmas-Greeting-Facebook-Post-768x644.png 768w\" sizes=\"auto, (max-width: 940px) 100vw, 940px\" \/><\/a><\/p>\n","protected":false},"excerpt":{"rendered":"<p>Les festes de Nadal a l&#8217;escola han estat molt riques i divertides a l&#8217;escola.<br \/>\nAqu\u00ed us deixem l&#8217;acc\u00e9s a les nostres felicitacions i al concert telem\u00e0tic.<br \/>\n<a href=\"https:\/\/view.genial.ly\/61c2208c5866780dc933c90e\/interactive-image-concert-nadal-2021\">Accedeix al con<\/a><a href=\"https:\/\/view.genial.ly\/61c2208c5866780dc933c90e\/interactive-image-concert-nadal-2021\">cert<\/a><br \/>\n<a href=\"https:\/\/www.youtube.com\/watch?v=vhKo8ebgMP4\">Accedeix a la felicitaci\u00f3 de l&#8217;escola.<\/a><br \/>\n<a href=\"https:\/\/www.youtube.com\/watch?v=vhKo8ebgMP4\"><\/a><\/p>\n","protected":false},"author":1,"featured_media":5043,"comment_status":"open","ping_status":"closed","sticky":false,"template":"","format":"standard","meta":{"_bbp_topic_count":0,"_bbp_reply_count":0,"_bbp_total_topic_count":0,"_bbp_total_reply_count":0,"_bbp_voice_count":0,"_bbp_anonymous_reply_count":0,"_bbp_topic_count_hidden":0,"_bbp_reply_count_hidden":0,"_bbp_forum_subforum_count":0,"footnotes":""},"categories":[186,1,4],"tags":[],"class_list":["post-5055","post","type-post","status-publish","format-standard","has-post-thumbnail","hentry","category-festes","category-general","category-portada"],"post_mailing_queue_ids":[],"_links":{"self":[{"href":"https:\/\/agora.xtec.cat\/ceippractiques2-lleida\/wp-json\/wp\/v2\/posts\/5055","targetHints":{"allow":["GET"]}}],"collection":[{"href":"https:\/\/agora.xtec.cat\/ceippractiques2-lleida\/wp-json\/wp\/v2\/posts"}],"about":[{"href":"https:\/\/agora.xtec.cat\/ceippractiques2-lleida\/wp-json\/wp\/v2\/types\/post"}],"author":[{"embeddable":true,"href":"https:\/\/agora.xtec.cat\/ceippractiques2-lleida\/wp-json\/wp\/v2\/users\/1"}],"replies":[{"embeddable":true,"href":"https:\/\/agora.xtec.cat\/ceippractiques2-lleida\/wp-json\/wp\/v2\/comments?post=5055"}],"version-history":[{"count":3,"href":"https:\/\/agora.xtec.cat\/ceippractiques2-lleida\/wp-json\/wp\/v2\/posts\/5055\/revisions"}],"predecessor-version":[{"id":5061,"href":"https:\/\/agora.xtec.cat\/ceippractiques2-lleida\/wp-json\/wp\/v2\/posts\/5055\/revisions\/5061"}],"wp:featuredmedia":[{"embeddable":true,"href":"https:\/\/agora.xtec.cat\/ceippractiques2-lleida\/wp-json\/wp\/v2\/media\/5043"}],"wp:attachment":[{"href":"https:\/\/agora.xtec.cat\/ceippractiques2-lleida\/wp-json\/wp\/v2\/media?parent=5055"}],"wp:term":[{"taxonomy":"category","embeddable":true,"href":"https:\/\/agora.xtec.cat\/ceippractiques2-lleida\/wp-json\/wp\/v2\/categories?post=5055"},{"taxonomy":"post_tag","embeddable":true,"href":"https:\/\/agora.xtec.cat\/ceippractiques2-lleida\/wp-json\/wp\/v2\/tags?post=5055"}],"curies":[{"name":"wp","href":"https:\/\/api.w.org\/{rel}","templated":true}]}}