{"id":5031,"date":"2021-12-20T21:24:39","date_gmt":"2021-12-20T20:24:39","guid":{"rendered":"https:\/\/agora.xtec.cat\/ceippractiques2-lleida\/?p=5031"},"modified":"2021-12-20T22:26:49","modified_gmt":"2021-12-20T21:26:49","slug":"som-la-classe-dels-elefants-i-les-girafes","status":"publish","type":"post","link":"https:\/\/agora.xtec.cat\/ceippractiques2-lleida\/general\/som-la-classe-dels-elefants-i-les-girafes\/","title":{"rendered":"SOM LA CLASSE DELS ELEFANTS I LES GIRAFES"},"content":{"rendered":"<p>El primer trimestre de P-5 ja ha acabat! Qu\u00e8 r\u00e0pid ens ha passat!<\/p>\n<p>Un nou curs amb noves mestres i un nom nou d&#8217;un animal lluny\u00e0 i de grans dimensions que d\u00f3na nom a la nostra classe.<\/p>\n<p>Portem ja uns mesos adaptant-nos, treballant, descobrint, aprenent i experimentant, &#8230; nous coneixements. On tamb\u00e9 hem treballat el projecte de l&#8217;animal que d\u00f3na nom a la nostra classe, els elefants (P-5A) i les girafes (P-5B). Ara ja podem dir que som casi uns experts en relaci\u00f3 a aquest fant\u00e0stic animal. Hem descobert on viu, qu\u00e8 menja, com \u00e9s el seu cos, com neixen i quins s\u00f3n els seus enemics. Us ho podrem explicar aviat amb el recull de feines que arribar\u00e0 a casa.<\/p>\n<p>I per acabar cada grup ha apr\u00e8s una nova can\u00e7\u00f3 sobre l&#8217;elefaant o la girafa, us deixem aqu\u00ed la can\u00e7\u00f3 per si la voleu cantar a casa amb el vostre fill o filla.<\/p>\n<p><iframe loading=\"lazy\" title=\"M\u00b4he comprat un elefant.\" width=\"500\" height=\"281\" src=\"https:\/\/www.youtube.com\/embed\/iLjJm9QSWi0?feature=oembed\" frameborder=\"0\" allow=\"accelerometer; autoplay; clipboard-write; encrypted-media; gyroscope; picture-in-picture; web-share\" referrerpolicy=\"strict-origin-when-cross-origin\" allowfullscreen><\/iframe><\/p>\n<div dir=\"auto\">\n<p><iframe loading=\"lazy\" title=\"La can\u00e7\u00f3 de les girafes\" width=\"500\" height=\"375\" src=\"https:\/\/www.youtube.com\/embed\/yWPQp3cuz60?feature=oembed\" frameborder=\"0\" allow=\"accelerometer; autoplay; clipboard-write; encrypted-media; gyroscope; picture-in-picture; web-share\" referrerpolicy=\"strict-origin-when-cross-origin\" allowfullscreen><\/iframe><\/p>\n<\/div>\n<div dir=\"auto\"><\/div>\n<div dir=\"auto\"><\/div>\n<div dir=\"auto\"><\/div>\n<p>Esperem que ho gaudiu tant com nosaltres ho hem fet elaborant-lo.<\/p>\n<p>Fins al pr\u00f2xim projecte!<\/p>\n<p>Les mestres de P-5<\/p>\n<div dir=\"auto\"><\/div>\n","protected":false},"excerpt":{"rendered":"<p>El primer trimestre de P-5 ja ha acabat! Qu\u00e8 r\u00e0pid ens ha passat!<br \/>\nUn nou curs amb noves mestres i un nom nou d&#8217;un animal lluny\u00e0 i de grans dimensions que d\u00f3na nom a la nostra classe.<br \/>\nPortem ja uns mesos adaptant-nos, treballant, descobrint, aprenent i experimentant,&hellip;  <a href=\"https:\/\/agora.xtec.cat\/ceippractiques2-lleida\/general\/som-la-classe-dels-elefants-i-les-girafes\/\" title=\"Read SOM LA CLASSE DELS ELEFANTS I LES GIRAFES\">Llegeix m\u00e9s\u00bb<\/a><\/p>\n","protected":false},"author":17,"featured_media":0,"comment_status":"open","ping_status":"closed","sticky":false,"template":"","format":"standard","meta":{"_bbp_topic_count":0,"_bbp_reply_count":0,"_bbp_total_topic_count":0,"_bbp_total_reply_count":0,"_bbp_voice_count":0,"_bbp_anonymous_reply_count":0,"_bbp_topic_count_hidden":0,"_bbp_reply_count_hidden":0,"_bbp_forum_subforum_count":0,"footnotes":""},"categories":[2,1,9],"tags":[176,175,148,153],"class_list":["post-5031","post","type-post","status-publish","format-standard","hentry","category-infantil","category-general","category-i5","tag-elefants","tag-girafes","tag-p5","tag-projecte"],"post_mailing_queue_ids":[],"_links":{"self":[{"href":"https:\/\/agora.xtec.cat\/ceippractiques2-lleida\/wp-json\/wp\/v2\/posts\/5031","targetHints":{"allow":["GET"]}}],"collection":[{"href":"https:\/\/agora.xtec.cat\/ceippractiques2-lleida\/wp-json\/wp\/v2\/posts"}],"about":[{"href":"https:\/\/agora.xtec.cat\/ceippractiques2-lleida\/wp-json\/wp\/v2\/types\/post"}],"author":[{"embeddable":true,"href":"https:\/\/agora.xtec.cat\/ceippractiques2-lleida\/wp-json\/wp\/v2\/users\/17"}],"replies":[{"embeddable":true,"href":"https:\/\/agora.xtec.cat\/ceippractiques2-lleida\/wp-json\/wp\/v2\/comments?post=5031"}],"version-history":[{"count":3,"href":"https:\/\/agora.xtec.cat\/ceippractiques2-lleida\/wp-json\/wp\/v2\/posts\/5031\/revisions"}],"predecessor-version":[{"id":5039,"href":"https:\/\/agora.xtec.cat\/ceippractiques2-lleida\/wp-json\/wp\/v2\/posts\/5031\/revisions\/5039"}],"wp:attachment":[{"href":"https:\/\/agora.xtec.cat\/ceippractiques2-lleida\/wp-json\/wp\/v2\/media?parent=5031"}],"wp:term":[{"taxonomy":"category","embeddable":true,"href":"https:\/\/agora.xtec.cat\/ceippractiques2-lleida\/wp-json\/wp\/v2\/categories?post=5031"},{"taxonomy":"post_tag","embeddable":true,"href":"https:\/\/agora.xtec.cat\/ceippractiques2-lleida\/wp-json\/wp\/v2\/tags?post=5031"}],"curies":[{"name":"wp","href":"https:\/\/api.w.org\/{rel}","templated":true}]}}