{"id":5023,"date":"2021-12-20T21:11:29","date_gmt":"2021-12-20T20:11:29","guid":{"rendered":"https:\/\/agora.xtec.cat\/ceippractiques2-lleida\/?p=5023"},"modified":"2021-12-20T21:11:29","modified_gmt":"2021-12-20T20:11:29","slug":"projecte-els-cargols-p3a","status":"publish","type":"post","link":"https:\/\/agora.xtec.cat\/ceippractiques2-lleida\/general\/projecte-els-cargols-p3a\/","title":{"rendered":"PROJECTE ELS CARGOLS (P3A)"},"content":{"rendered":"<p>AQUEST TRIMESTRE ELS NENS I LES NENES DE P3A HEM TREBALLAT EL PROJECTE DELS CARAGOLS QUE COM JA SABEU \u00c9S EL NOM DE LA CLASSE.<\/p>\n<p>HEM GAUDIT MOLT I EXPERIMENTAT AMB TOTES LES PROPOSTES MANIPULTIVES I VIVENCIAL QUE LES MESTRES ENS HAN ANAT PROPOSANT PER ANAR DESCOBRINT DIFERENTS COSES SOBRE ELS CARAGOLS I AIX\u00cd HEM POGUT DONAR RESPOSTA A LES PREGUNTES INICIALS QUE ENS VAM PLANTEJAR.<\/p>\n<p>HEM APR\u00c8S COM S\u00d3N, QU\u00c8 MENGEN, QUAN SURTEN, COM ES DESPLACEN, COM NEIXEN I QUINS TIPUS HI HA. TAMB\u00c9 HEM POGUT APRENDRE LA CAN\u00c7\u00d3 DEL CARAGOL (<a href=\"https:\/\/www.youtube.com\/watch?v=Qtpr5oclZiE\">https:\/\/www.youtube.com\/watch?v=Qtpr5oclZiE<\/a>) I UNA ENDEVINALLA. QUANTES COSES HEM POGUT APRENDRE.<\/p>\n<p>VOLEM AGRAIR A TOTES LES FAM\u00cdLIES LA SEVA COL\u00b7LABORACI\u00d3 EN EL PROJECTE AMB LES VOSTRES APORTACIONS (POEMES, IMATGES, CONTES, JOGUINES, INFORMACI\u00d3&#8230;) QUE ENS HAN AJUDAT A DESCOBRIR MOLTES COSES.<\/p>\n<p>CLIQUEU DAMUNT DE LA IMATGE PER PODER VEURE M\u00c9S FOTOS DEL PROJECTE.<\/p>\n<p><a href=\"https:\/\/photos.app.goo.gl\/GDZ3TyCujTR8GzR39\" target=\"_blank\" rel=\"noopener\"><img loading=\"lazy\" decoding=\"async\" class=\"aligncenter wp-image-5026 size-medium\" src=\"https:\/\/agora.xtec.cat\/ceippractiques2-lleida\/wp-content\/uploads\/usu635\/2021\/12\/PORTADA-300x224.png\" alt=\"\" width=\"300\" height=\"224\" srcset=\"https:\/\/agora.xtec.cat\/ceippractiques2-lleida\/wp-content\/uploads\/usu635\/2021\/12\/PORTADA-300x224.png 300w, https:\/\/agora.xtec.cat\/ceippractiques2-lleida\/wp-content\/uploads\/usu635\/2021\/12\/PORTADA-768x573.png 768w, https:\/\/agora.xtec.cat\/ceippractiques2-lleida\/wp-content\/uploads\/usu635\/2021\/12\/PORTADA-200x150.png 200w, https:\/\/agora.xtec.cat\/ceippractiques2-lleida\/wp-content\/uploads\/usu635\/2021\/12\/PORTADA.png 1024w\" sizes=\"auto, (max-width: 300px) 100vw, 300px\" \/><\/a><\/p>\n<p>&nbsp;<\/p>\n","protected":false},"excerpt":{"rendered":"<p>AQUEST TRIMESTRE ELS NENS I LES NENES DE P3A HEM TREBALLAT EL PROJECTE DELS CARAGOLS QUE COM JA SABEU \u00c9S EL NOM DE LA CLASSE.<br \/>\nHEM GAUDIT MOLT I EXPERIMENTAT AMB TOTES LES PROPOSTES MANIPULTIVES I VIVENCIAL QUE LES MESTRES ENS HAN ANAT PROPOSANT PER ANAR&hellip;  <a href=\"https:\/\/agora.xtec.cat\/ceippractiques2-lleida\/general\/projecte-els-cargols-p3a\/\" title=\"Read PROJECTE ELS CARGOLS (P3A)\">Llegeix m\u00e9s\u00bb<\/a><\/p>\n","protected":false},"author":17,"featured_media":5026,"comment_status":"open","ping_status":"closed","sticky":false,"template":"","format":"standard","meta":{"_bbp_topic_count":0,"_bbp_reply_count":0,"_bbp_total_topic_count":0,"_bbp_total_reply_count":0,"_bbp_voice_count":0,"_bbp_anonymous_reply_count":0,"_bbp_topic_count_hidden":0,"_bbp_reply_count_hidden":0,"_bbp_forum_subforum_count":0,"footnotes":""},"categories":[2,1,3,4],"tags":[162,190,153],"class_list":["post-5023","post","type-post","status-publish","format-standard","has-post-thumbnail","hentry","category-infantil","category-general","category-i3","category-portada","tag-caragols","tag-p3a","tag-projecte"],"post_mailing_queue_ids":[],"_links":{"self":[{"href":"https:\/\/agora.xtec.cat\/ceippractiques2-lleida\/wp-json\/wp\/v2\/posts\/5023","targetHints":{"allow":["GET"]}}],"collection":[{"href":"https:\/\/agora.xtec.cat\/ceippractiques2-lleida\/wp-json\/wp\/v2\/posts"}],"about":[{"href":"https:\/\/agora.xtec.cat\/ceippractiques2-lleida\/wp-json\/wp\/v2\/types\/post"}],"author":[{"embeddable":true,"href":"https:\/\/agora.xtec.cat\/ceippractiques2-lleida\/wp-json\/wp\/v2\/users\/17"}],"replies":[{"embeddable":true,"href":"https:\/\/agora.xtec.cat\/ceippractiques2-lleida\/wp-json\/wp\/v2\/comments?post=5023"}],"version-history":[{"count":2,"href":"https:\/\/agora.xtec.cat\/ceippractiques2-lleida\/wp-json\/wp\/v2\/posts\/5023\/revisions"}],"predecessor-version":[{"id":5029,"href":"https:\/\/agora.xtec.cat\/ceippractiques2-lleida\/wp-json\/wp\/v2\/posts\/5023\/revisions\/5029"}],"wp:featuredmedia":[{"embeddable":true,"href":"https:\/\/agora.xtec.cat\/ceippractiques2-lleida\/wp-json\/wp\/v2\/media\/5026"}],"wp:attachment":[{"href":"https:\/\/agora.xtec.cat\/ceippractiques2-lleida\/wp-json\/wp\/v2\/media?parent=5023"}],"wp:term":[{"taxonomy":"category","embeddable":true,"href":"https:\/\/agora.xtec.cat\/ceippractiques2-lleida\/wp-json\/wp\/v2\/categories?post=5023"},{"taxonomy":"post_tag","embeddable":true,"href":"https:\/\/agora.xtec.cat\/ceippractiques2-lleida\/wp-json\/wp\/v2\/tags?post=5023"}],"curies":[{"name":"wp","href":"https:\/\/api.w.org\/{rel}","templated":true}]}}