{"id":501,"date":"2016-01-15T16:23:27","date_gmt":"2016-01-15T15:23:27","guid":{"rendered":"http:\/\/agora.xtec.cat\/ceippractiques2-lleida\/?p=501"},"modified":"2016-01-31T23:26:14","modified_gmt":"2016-01-31T22:26:14","slug":"mapa-de-vents","status":"publish","type":"post","link":"https:\/\/agora.xtec.cat\/ceippractiques2-lleida\/4t\/mapa-de-vents\/","title":{"rendered":"Mapa de vents"},"content":{"rendered":"<p><span style=\"font-family: verdana,geneva,sans-serif;font-size: 16px\">Un dels elements del clima que\u00a0 incideixen sobre el medi f\u00edsic d&#8217;un ecosistema \u00e9s el vent. En aquest mapa interactiu podreu observar els diferents vents que bufen sobre la Terra, la seva direcci\u00f3 i velocitat quasi a temps real.<\/span><\/p>\n<p style=\"text-align: center\"><a href=\"http:\/\/earth.nullschool.net\/\" target=\"_blank\"><img loading=\"lazy\" decoding=\"async\" class=\"alignnone size-full wp-image-499\" src=\"http:\/\/agora.xtec.cat\/ceippractiques2-lleida\/wp-content\/uploads\/usu635\/2016\/01\/Mapa-dels-vents-e1454278896157.png\" alt=\"Mapa-dels-vents\" width=\"300\" height=\"287\" \/><\/a><\/p>\n","protected":false},"excerpt":{"rendered":"<p>Un dels elements del clima que\u00a0 incideixen sobre el medi f\u00edsic d&#8217;un ecosistema \u00e9s el vent. En aquest mapa interactiu podreu observar els diferents vents que bufen sobre la Terra, la seva direcci\u00f3 i velocitat quasi a temps real.<br \/>\n<a href=\"http:\/\/earth.nullschool.net\/\" target=\"_blank\"><\/a><\/p>\n","protected":false},"author":1,"featured_media":0,"comment_status":"open","ping_status":"open","sticky":false,"template":"","format":"standard","meta":{"_bbp_topic_count":0,"_bbp_reply_count":0,"_bbp_total_topic_count":0,"_bbp_total_reply_count":0,"_bbp_voice_count":0,"_bbp_anonymous_reply_count":0,"_bbp_topic_count_hidden":0,"_bbp_reply_count_hidden":0,"_bbp_forum_subforum_count":0,"footnotes":""},"categories":[13],"tags":[],"class_list":["post-501","post","type-post","status-publish","format-standard","hentry","category-4t"],"post_mailing_queue_ids":[],"_links":{"self":[{"href":"https:\/\/agora.xtec.cat\/ceippractiques2-lleida\/wp-json\/wp\/v2\/posts\/501","targetHints":{"allow":["GET"]}}],"collection":[{"href":"https:\/\/agora.xtec.cat\/ceippractiques2-lleida\/wp-json\/wp\/v2\/posts"}],"about":[{"href":"https:\/\/agora.xtec.cat\/ceippractiques2-lleida\/wp-json\/wp\/v2\/types\/post"}],"author":[{"embeddable":true,"href":"https:\/\/agora.xtec.cat\/ceippractiques2-lleida\/wp-json\/wp\/v2\/users\/1"}],"replies":[{"embeddable":true,"href":"https:\/\/agora.xtec.cat\/ceippractiques2-lleida\/wp-json\/wp\/v2\/comments?post=501"}],"version-history":[{"count":2,"href":"https:\/\/agora.xtec.cat\/ceippractiques2-lleida\/wp-json\/wp\/v2\/posts\/501\/revisions"}],"predecessor-version":[{"id":503,"href":"https:\/\/agora.xtec.cat\/ceippractiques2-lleida\/wp-json\/wp\/v2\/posts\/501\/revisions\/503"}],"wp:attachment":[{"href":"https:\/\/agora.xtec.cat\/ceippractiques2-lleida\/wp-json\/wp\/v2\/media?parent=501"}],"wp:term":[{"taxonomy":"category","embeddable":true,"href":"https:\/\/agora.xtec.cat\/ceippractiques2-lleida\/wp-json\/wp\/v2\/categories?post=501"},{"taxonomy":"post_tag","embeddable":true,"href":"https:\/\/agora.xtec.cat\/ceippractiques2-lleida\/wp-json\/wp\/v2\/tags?post=501"}],"curies":[{"name":"wp","href":"https:\/\/api.w.org\/{rel}","templated":true}]}}