{"id":4980,"date":"2021-12-21T09:04:19","date_gmt":"2021-12-21T08:04:19","guid":{"rendered":"https:\/\/agora.xtec.cat\/ceippractiques2-lleida\/?p=4980"},"modified":"2021-12-21T09:04:19","modified_gmt":"2021-12-21T08:04:19","slug":"tasques-manipulatives-a-p4","status":"publish","type":"post","link":"https:\/\/agora.xtec.cat\/ceippractiques2-lleida\/general\/tasques-manipulatives-a-p4\/","title":{"rendered":"TASQUES MANIPULATIVES A P4"},"content":{"rendered":"<p style=\"text-align: center\">El primer trimestre arribar a la seva fi.<\/p>\n<p>Els alumnes de P4 han treballat molt i molt, com ja sabeu. Us deixem un petit recull d&#8217;activitats que han realitzat durant aquest trimestre, on l&#8217;instrument de treball han estat les seves manetes.\u00a0 A educaci\u00f3 infantil, la manera de poder aprendre, \u00e9s a partir d&#8217;all\u00f2 que poden fer amb les seves mans per tal de poder crear experi\u00e8ncies riques i estimulants. Ens hem iniciat en el treball manipulatiu de la grafomotricitat (direccionalitat, tra\u00e7, orientaci\u00f3 espacial&#8230;)<\/p>\n<p>Poc a poc ens anirem endinsant en aquestes tasques divertides i motivadores, per poder anar introduint nous reptes i continguts nous.<\/p>\n<p>Cliqueu damunt de les imatges de cada classe.<\/p>\n<p>ELS CAVALLS\u00a0 \u00a0 \u00a0 \u00a0 \u00a0 \u00a0 \u00a0 \u00a0 \u00a0 \u00a0 \u00a0 \u00a0 \u00a0 \u00a0 \u00a0 \u00a0 \u00a0 \u00a0 \u00a0 \u00a0 \u00a0 \u00a0 \u00a0 \u00a0 \u00a0 \u00a0 \u00a0 ELS \u00c0NECS\u00a0 \u00a0 \u00a0 \u00a0 \u00a0 \u00a0 \u00a0 \u00a0 \u00a0 \u00a0 \u00a0 \u00a0 \u00a0 \u00a0 \u00a0 \u00a0 \u00a0 \u00a0 \u00a0 TALLERS: CAVALLS I \u00c0NECS<\/p>\n<p><a href=\"https:\/\/photos.app.goo.gl\/QdkT6QZmUMatZbjh8\"><img loading=\"lazy\" decoding=\"async\" class=\"alignnone wp-image-4982\" src=\"https:\/\/agora.xtec.cat\/ceippractiques2-lleida\/wp-content\/uploads\/usu635\/2021\/12\/20211115_102518.jpg\" alt=\"\" width=\"263\" height=\"148\" srcset=\"https:\/\/agora.xtec.cat\/ceippractiques2-lleida\/wp-content\/uploads\/usu635\/2021\/12\/20211115_102518.jpg 768w, https:\/\/agora.xtec.cat\/ceippractiques2-lleida\/wp-content\/uploads\/usu635\/2021\/12\/20211115_102518-300x169.jpg 300w\" sizes=\"auto, (max-width: 263px) 100vw, 263px\" \/>\u00a0\u00a0\u00a0\u00a0\u00a0\u00a0\u00a0\u00a0\u00a0\u00a0\u00a0\u00a0\u00a0\u00a0\u00a0\u00a0 <\/a><a href=\"https:\/\/photos.app.goo.gl\/PXkcMp3cac29Jxnd7\"><img loading=\"lazy\" decoding=\"async\" class=\"alignnone wp-image-4984\" src=\"https:\/\/agora.xtec.cat\/ceippractiques2-lleida\/wp-content\/uploads\/usu635\/2021\/12\/WhatsApp-Image-2021-11-25-at-15.14.48.jpeg\" alt=\"\" width=\"107\" height=\"143\" srcset=\"https:\/\/agora.xtec.cat\/ceippractiques2-lleida\/wp-content\/uploads\/usu635\/2021\/12\/WhatsApp-Image-2021-11-25-at-15.14.48.jpeg 576w, https:\/\/agora.xtec.cat\/ceippractiques2-lleida\/wp-content\/uploads\/usu635\/2021\/12\/WhatsApp-Image-2021-11-25-at-15.14.48-225x300.jpeg 225w\" sizes=\"auto, (max-width: 107px) 100vw, 107px\" \/><\/a><a href=\"https:\/\/photos.app.goo.gl\/uGiyGTiJ9bdeuGWH9\"> \u00a0\u00a0\u00a0\u00a0\u00a0\u00a0\u00a0\u00a0\u00a0\u00a0\u00a0\u00a0\u00a0\u00a0\u00a0\u00a0\u00a0\u00a0\u00a0\u00a0\u00a0\u00a0\u00a0\u00a0\u00a0\u00a0\u00a0\u00a0\u00a0\u00a0\u00a0\u00a0\u00a0\u00a0\u00a0 <img loading=\"lazy\" decoding=\"async\" class=\"alignnone  wp-image-5040\" src=\"https:\/\/agora.xtec.cat\/ceippractiques2-lleida\/wp-content\/uploads\/usu635\/2021\/12\/pinces-nom-cara-construccions-15-rotated.jpeg\" alt=\"\" width=\"191\" height=\"143\" data-wp-editing=\"1\" srcset=\"https:\/\/agora.xtec.cat\/ceippractiques2-lleida\/wp-content\/uploads\/usu635\/2021\/12\/pinces-nom-cara-construccions-15-rotated.jpeg 768w, https:\/\/agora.xtec.cat\/ceippractiques2-lleida\/wp-content\/uploads\/usu635\/2021\/12\/pinces-nom-cara-construccions-15-300x225.jpeg 300w, https:\/\/agora.xtec.cat\/ceippractiques2-lleida\/wp-content\/uploads\/usu635\/2021\/12\/pinces-nom-cara-construccions-15-200x150.jpeg 200w\" sizes=\"auto, (max-width: 191px) 100vw, 191px\" \/><\/a><\/p>\n<p>&nbsp;<\/p>\n","protected":false},"excerpt":{"rendered":"<p>El primer trimestre arribar a la seva fi.<br \/>\nEls alumnes de P4 han treballat molt i molt, com ja sabeu. Us deixem un petit recull d&#8217;activitats que han realitzat durant aquest trimestre, on l&#8217;instrument de treball han estat les seves manetes.\u00a0 A educaci\u00f3 infantil, la manera&hellip;  <a href=\"https:\/\/agora.xtec.cat\/ceippractiques2-lleida\/general\/tasques-manipulatives-a-p4\/\" title=\"Read TASQUES MANIPULATIVES A P4\">Llegeix m\u00e9s\u00bb<\/a><\/p>\n","protected":false},"author":22,"featured_media":4982,"comment_status":"open","ping_status":"closed","sticky":false,"template":"","format":"standard","meta":{"_bbp_topic_count":0,"_bbp_reply_count":0,"_bbp_total_topic_count":0,"_bbp_total_reply_count":0,"_bbp_voice_count":0,"_bbp_anonymous_reply_count":0,"_bbp_topic_count_hidden":0,"_bbp_reply_count_hidden":0,"_bbp_forum_subforum_count":0,"footnotes":""},"categories":[2,1,8,4],"tags":[],"class_list":["post-4980","post","type-post","status-publish","format-standard","has-post-thumbnail","hentry","category-infantil","category-general","category-i4","category-portada"],"post_mailing_queue_ids":[],"_links":{"self":[{"href":"https:\/\/agora.xtec.cat\/ceippractiques2-lleida\/wp-json\/wp\/v2\/posts\/4980","targetHints":{"allow":["GET"]}}],"collection":[{"href":"https:\/\/agora.xtec.cat\/ceippractiques2-lleida\/wp-json\/wp\/v2\/posts"}],"about":[{"href":"https:\/\/agora.xtec.cat\/ceippractiques2-lleida\/wp-json\/wp\/v2\/types\/post"}],"author":[{"embeddable":true,"href":"https:\/\/agora.xtec.cat\/ceippractiques2-lleida\/wp-json\/wp\/v2\/users\/22"}],"replies":[{"embeddable":true,"href":"https:\/\/agora.xtec.cat\/ceippractiques2-lleida\/wp-json\/wp\/v2\/comments?post=4980"}],"version-history":[{"count":3,"href":"https:\/\/agora.xtec.cat\/ceippractiques2-lleida\/wp-json\/wp\/v2\/posts\/4980\/revisions"}],"predecessor-version":[{"id":5041,"href":"https:\/\/agora.xtec.cat\/ceippractiques2-lleida\/wp-json\/wp\/v2\/posts\/4980\/revisions\/5041"}],"wp:featuredmedia":[{"embeddable":true,"href":"https:\/\/agora.xtec.cat\/ceippractiques2-lleida\/wp-json\/wp\/v2\/media\/4982"}],"wp:attachment":[{"href":"https:\/\/agora.xtec.cat\/ceippractiques2-lleida\/wp-json\/wp\/v2\/media?parent=4980"}],"wp:term":[{"taxonomy":"category","embeddable":true,"href":"https:\/\/agora.xtec.cat\/ceippractiques2-lleida\/wp-json\/wp\/v2\/categories?post=4980"},{"taxonomy":"post_tag","embeddable":true,"href":"https:\/\/agora.xtec.cat\/ceippractiques2-lleida\/wp-json\/wp\/v2\/tags?post=4980"}],"curies":[{"name":"wp","href":"https:\/\/api.w.org\/{rel}","templated":true}]}}