{"id":4973,"date":"2021-12-14T19:57:33","date_gmt":"2021-12-14T18:57:33","guid":{"rendered":"https:\/\/agora.xtec.cat\/ceippractiques2-lleida\/?p=4973"},"modified":"2021-12-14T19:59:28","modified_gmt":"2021-12-14T18:59:28","slug":"cicle-inical-va-al-teatre-de-lescorxador","status":"publish","type":"post","link":"https:\/\/agora.xtec.cat\/ceippractiques2-lleida\/portada\/cicle-inical-va-al-teatre-de-lescorxador\/","title":{"rendered":"CICLE INICAL VA AL TEATRE DE L&#8217;ESCORXADOR"},"content":{"rendered":"<p>Avui els nens i nenes de cicle inicial hem anat d&#8217;excursi\u00f3 al teatre de l&#8217;Escorxador. Hem anat a veure una obra de teatre que es diu <strong>&#8220;S\u00f3c una nou&#8221;<\/strong>. Ens ha agradat molt con\u00e8ixer la vida del nostre protagonista, l&#8217;Omar.<br \/>\nI sabeu qu\u00e8 ens ha passat? Se&#8217;ns han apagat els llums a mitja actuaci\u00f3, per\u00f2 hem sabut que al teatre ni es crida ni es t\u00e9 por.<br \/>\n<strong>Cliqueu damunt la foto per veure&#8217;n m\u00e9s.<\/strong><\/p>\n<p><a href=\"https:\/\/photos.app.goo.gl\/prwTiR4j4v7HbQtS6\" target=\"_blank\" rel=\"noopener\"><img loading=\"lazy\" decoding=\"async\" class=\"aligncenter wp-image-4977\" src=\"https:\/\/agora.xtec.cat\/ceippractiques2-lleida\/wp-content\/uploads\/usu635\/2021\/12\/imatge-noticia.png\" alt=\"\" width=\"740\" height=\"388\" srcset=\"https:\/\/agora.xtec.cat\/ceippractiques2-lleida\/wp-content\/uploads\/usu635\/2021\/12\/imatge-noticia.png 885w, https:\/\/agora.xtec.cat\/ceippractiques2-lleida\/wp-content\/uploads\/usu635\/2021\/12\/imatge-noticia-300x157.png 300w, https:\/\/agora.xtec.cat\/ceippractiques2-lleida\/wp-content\/uploads\/usu635\/2021\/12\/imatge-noticia-768x403.png 768w\" sizes=\"auto, (max-width: 740px) 100vw, 740px\" \/><\/a><\/p>\n<p>&nbsp;<\/p>\n","protected":false},"excerpt":{"rendered":"<p>Avui els nens i nenes de cicle inicial hem anat d&#8217;excursi\u00f3 al teatre de l&#8217;Escorxador. Hem anat a veure una obra de teatre que es diu &#8220;S\u00f3c una nou&#8221;. Ens ha agradat molt con\u00e8ixer la vida del nostre protagonista, l&#8217;Omar.<br \/>\nI sabeu qu\u00e8 ens ha passat?&hellip;  <a href=\"https:\/\/agora.xtec.cat\/ceippractiques2-lleida\/portada\/cicle-inical-va-al-teatre-de-lescorxador\/\" title=\"Read CICLE INICAL VA AL TEATRE DE L&#8217;ESCORXADOR\">Llegeix m\u00e9s\u00bb<\/a><\/p>\n","protected":false},"author":16,"featured_media":0,"comment_status":"open","ping_status":"closed","sticky":false,"template":"","format":"standard","meta":{"_bbp_topic_count":0,"_bbp_reply_count":0,"_bbp_total_topic_count":0,"_bbp_total_reply_count":0,"_bbp_voice_count":0,"_bbp_anonymous_reply_count":0,"_bbp_topic_count_hidden":0,"_bbp_reply_count_hidden":0,"_bbp_forum_subforum_count":0,"footnotes":""},"categories":[10,11,5,4],"tags":[187],"class_list":["post-4973","post","type-post","status-publish","format-standard","hentry","category-1r","category-2n","category-primaria","category-portada","tag-cicle-inicial"],"post_mailing_queue_ids":[],"_links":{"self":[{"href":"https:\/\/agora.xtec.cat\/ceippractiques2-lleida\/wp-json\/wp\/v2\/posts\/4973","targetHints":{"allow":["GET"]}}],"collection":[{"href":"https:\/\/agora.xtec.cat\/ceippractiques2-lleida\/wp-json\/wp\/v2\/posts"}],"about":[{"href":"https:\/\/agora.xtec.cat\/ceippractiques2-lleida\/wp-json\/wp\/v2\/types\/post"}],"author":[{"embeddable":true,"href":"https:\/\/agora.xtec.cat\/ceippractiques2-lleida\/wp-json\/wp\/v2\/users\/16"}],"replies":[{"embeddable":true,"href":"https:\/\/agora.xtec.cat\/ceippractiques2-lleida\/wp-json\/wp\/v2\/comments?post=4973"}],"version-history":[{"count":2,"href":"https:\/\/agora.xtec.cat\/ceippractiques2-lleida\/wp-json\/wp\/v2\/posts\/4973\/revisions"}],"predecessor-version":[{"id":4979,"href":"https:\/\/agora.xtec.cat\/ceippractiques2-lleida\/wp-json\/wp\/v2\/posts\/4973\/revisions\/4979"}],"wp:attachment":[{"href":"https:\/\/agora.xtec.cat\/ceippractiques2-lleida\/wp-json\/wp\/v2\/media?parent=4973"}],"wp:term":[{"taxonomy":"category","embeddable":true,"href":"https:\/\/agora.xtec.cat\/ceippractiques2-lleida\/wp-json\/wp\/v2\/categories?post=4973"},{"taxonomy":"post_tag","embeddable":true,"href":"https:\/\/agora.xtec.cat\/ceippractiques2-lleida\/wp-json\/wp\/v2\/tags?post=4973"}],"curies":[{"name":"wp","href":"https:\/\/api.w.org\/{rel}","templated":true}]}}