{"id":4952,"date":"2021-12-03T18:50:24","date_gmt":"2021-12-03T17:50:24","guid":{"rendered":"https:\/\/agora.xtec.cat\/ceippractiques2-lleida\/?p=4952"},"modified":"2021-12-03T18:50:24","modified_gmt":"2021-12-03T17:50:24","slug":"projectes-dels-anecs-p4-b","status":"publish","type":"post","link":"https:\/\/agora.xtec.cat\/ceippractiques2-lleida\/general\/projectes-dels-anecs-p4-b\/","title":{"rendered":"PROJECTES DELS \u00c0NECS. P4 B"},"content":{"rendered":"<p>Aquest trimestre els alumnes de P4 B han treballat el projecte dels \u00e0necs,\u00a0 com ja sabeu \u00e9s el\u00a0 nom de la classe.<\/p>\n<p>Us volem agrair a totes les fam\u00edlies la vostra col\u00b7laboraci\u00f3 en aquest projecte amb les vostres aportacions (contes, murals, jocs\u00a0 (lince, composar paraules, comptar ), titelles, \u00a0dibuixos, joguines d\u2019\u00e0necs, plomes, creaci\u00f3 d\u2019un \u00e0nec amb una tomata).<\/p>\n<p>Els vostres fills\/es han gaudit molt treballant i experimentant amb les coses dels \u00e0necs\u00a0 \u00a0( a trav\u00e9s del joc simb\u00f2lic), han descobert moltes coses que no sab\u00edem i hem apr\u00e9s vocabulari un p\u00e8l complicat: com la paraula ov\u00edpar , vertebrat o clacar..<\/p>\n<p>El fet de tenir materials naturals com plomes, pals, pedres, sorra, fulles, han fet possible experimentar algunes curiositats dels \u00e0necs . com construir un niu, observar les plomes, Sabeu que fan els \u00e0necs quan les plomes s\u2019han ferit? Com es poden curar? Com s\u00f3n els seus peus? Totes aquestes q\u00fcestions ens han donat joc per poder veure la seva petjada,<\/p>\n<p>Us deixem un petit recull de fotografies d\u2019algunes de les activitats que hem fet a l\u2019aula al llarg del projecte. Esperem que us agradi.<\/p>\n<p><strong>Cliqueu damunt la foto<\/strong><\/p>\n<p><a href=\"https:\/\/photos.app.goo.gl\/PF8mhjqG8XNnUmpv8\"><img loading=\"lazy\" decoding=\"async\" class=\"alignnone wp-image-4953\" src=\"https:\/\/agora.xtec.cat\/ceippractiques2-lleida\/wp-content\/uploads\/usu635\/2021\/12\/foto-rduida2021-11-25-at-15.28.09-4-1.jpeg\" alt=\"\" width=\"391\" height=\"293\" srcset=\"https:\/\/agora.xtec.cat\/ceippractiques2-lleida\/wp-content\/uploads\/usu635\/2021\/12\/foto-rduida2021-11-25-at-15.28.09-4-1.jpeg 768w, https:\/\/agora.xtec.cat\/ceippractiques2-lleida\/wp-content\/uploads\/usu635\/2021\/12\/foto-rduida2021-11-25-at-15.28.09-4-1-300x225.jpeg 300w, https:\/\/agora.xtec.cat\/ceippractiques2-lleida\/wp-content\/uploads\/usu635\/2021\/12\/foto-rduida2021-11-25-at-15.28.09-4-1-200x150.jpeg 200w\" sizes=\"auto, (max-width: 391px) 100vw, 391px\" \/><\/a><\/p>\n<p>Tamb\u00e9 hem cantant la can\u00e7\u00f3 : Mireu els meus \u00e0necs. <strong>Cliqueu l&#8217;enlla\u00e7<\/strong>.<\/p>\n<p><a href=\"https:\/\/www.youtube.com\/watch?v=AGVeMYuHaPQ\">https:\/\/www.youtube.com\/watch?v=AGVeMYuHaPQ<\/a><\/p>\n","protected":false},"excerpt":{"rendered":"<p>Aquest trimestre els alumnes de P4 B han treballat el projecte dels \u00e0necs,\u00a0 com ja sabeu \u00e9s el\u00a0 nom de la classe.<br \/>\nUs volem agrair a totes les fam\u00edlies la vostra col\u00b7laboraci\u00f3 en aquest projecte amb les vostres aportacions (contes, murals, jocs\u00a0 (lince, composar paraules, comptar&hellip;  <a href=\"https:\/\/agora.xtec.cat\/ceippractiques2-lleida\/general\/projectes-dels-anecs-p4-b\/\" title=\"Read PROJECTES DELS \u00c0NECS. P4 B\">Llegeix m\u00e9s\u00bb<\/a><\/p>\n","protected":false},"author":22,"featured_media":4953,"comment_status":"open","ping_status":"closed","sticky":false,"template":"","format":"standard","meta":{"_bbp_topic_count":0,"_bbp_reply_count":0,"_bbp_total_topic_count":0,"_bbp_total_reply_count":0,"_bbp_voice_count":0,"_bbp_anonymous_reply_count":0,"_bbp_topic_count_hidden":0,"_bbp_reply_count_hidden":0,"_bbp_forum_subforum_count":0,"footnotes":""},"categories":[2,1,8,4],"tags":[],"class_list":["post-4952","post","type-post","status-publish","format-standard","has-post-thumbnail","hentry","category-infantil","category-general","category-i4","category-portada"],"post_mailing_queue_ids":[],"_links":{"self":[{"href":"https:\/\/agora.xtec.cat\/ceippractiques2-lleida\/wp-json\/wp\/v2\/posts\/4952","targetHints":{"allow":["GET"]}}],"collection":[{"href":"https:\/\/agora.xtec.cat\/ceippractiques2-lleida\/wp-json\/wp\/v2\/posts"}],"about":[{"href":"https:\/\/agora.xtec.cat\/ceippractiques2-lleida\/wp-json\/wp\/v2\/types\/post"}],"author":[{"embeddable":true,"href":"https:\/\/agora.xtec.cat\/ceippractiques2-lleida\/wp-json\/wp\/v2\/users\/22"}],"replies":[{"embeddable":true,"href":"https:\/\/agora.xtec.cat\/ceippractiques2-lleida\/wp-json\/wp\/v2\/comments?post=4952"}],"version-history":[{"count":3,"href":"https:\/\/agora.xtec.cat\/ceippractiques2-lleida\/wp-json\/wp\/v2\/posts\/4952\/revisions"}],"predecessor-version":[{"id":4968,"href":"https:\/\/agora.xtec.cat\/ceippractiques2-lleida\/wp-json\/wp\/v2\/posts\/4952\/revisions\/4968"}],"wp:featuredmedia":[{"embeddable":true,"href":"https:\/\/agora.xtec.cat\/ceippractiques2-lleida\/wp-json\/wp\/v2\/media\/4953"}],"wp:attachment":[{"href":"https:\/\/agora.xtec.cat\/ceippractiques2-lleida\/wp-json\/wp\/v2\/media?parent=4952"}],"wp:term":[{"taxonomy":"category","embeddable":true,"href":"https:\/\/agora.xtec.cat\/ceippractiques2-lleida\/wp-json\/wp\/v2\/categories?post=4952"},{"taxonomy":"post_tag","embeddable":true,"href":"https:\/\/agora.xtec.cat\/ceippractiques2-lleida\/wp-json\/wp\/v2\/tags?post=4952"}],"curies":[{"name":"wp","href":"https:\/\/api.w.org\/{rel}","templated":true}]}}