{"id":4941,"date":"2021-12-03T18:48:09","date_gmt":"2021-12-03T17:48:09","guid":{"rendered":"https:\/\/agora.xtec.cat\/ceippractiques2-lleida\/?p=4941"},"modified":"2021-12-03T18:48:09","modified_gmt":"2021-12-03T17:48:09","slug":"projecte-els-cavalls-p4-a","status":"publish","type":"post","link":"https:\/\/agora.xtec.cat\/ceippractiques2-lleida\/general\/projecte-els-cavalls-p4-a\/","title":{"rendered":"PROJECTE &#8220;ELS CAVALLS&#8221; P4 A"},"content":{"rendered":"<p>Aquest trimestre els alumnes de P4 A han treballat el projecte dels cavalls,\u00a0 com ja sabeu \u00e9s el\u00a0 nom de la classe.<\/p>\n<p>Us volem agrair a totes les fam\u00edlies la vostra col\u00b7laboraci\u00f3 en aquest projecte amb les vostres aportacions (contes, murals, material natural (herba i la palla), dibuixos, joguines de cavalls, fotografies, ferradures&#8230;<\/p>\n<p>Els vostres fills\/es han gaudit molt treballant i experimentant amb els cavalls ( a trav\u00e9s del joc simb\u00f2lic), han descobert moltes coses que no sab\u00edem i hem apr\u00e9s vocabulari un p\u00e8l complicat: com la paraula mam\u00edfer o vertebrat&#8230;<\/p>\n<p>El fet de poder tenir a les mans material aut\u00e8ntic ens ha perm\u00e8s \u00a0descobrir curiositats sobre\u00a0 els cavalls. Sab\u00edeu que els cavalls tamb\u00e9 porten sabates? Doncs si, els cavalls porten sabates una mica diferents a les nostres i fan molt sorolls quan caminen, s\u00f3n les ferradures. Ens han donat molt joc per poder veure com \u00e9s la seva petjada.<\/p>\n<p>Us deixem un petit recull de fotografies d\u2019algunes de les activitats que hem fet a l\u2019aula al llarg del projecte. Esperem que us agradi.<\/p>\n<p>Cliqueu damunt la foto<\/p>\n<p>&nbsp;<\/p>\n<p><a href=\"https:\/\/photos.app.goo.gl\/8ouRioKmKb31b8Er5\"><img loading=\"lazy\" decoding=\"async\" class=\"alignnone wp-image-4943\" src=\"https:\/\/agora.xtec.cat\/ceippractiques2-lleida\/wp-content\/uploads\/usu635\/2021\/11\/foto-projecte-classe-cavalls-1024x838.jpg\" alt=\"\" width=\"319\" height=\"261\" srcset=\"https:\/\/agora.xtec.cat\/ceippractiques2-lleida\/wp-content\/uploads\/usu635\/2021\/11\/foto-projecte-classe-cavalls-1024x838.jpg 1024w, https:\/\/agora.xtec.cat\/ceippractiques2-lleida\/wp-content\/uploads\/usu635\/2021\/11\/foto-projecte-classe-cavalls-300x246.jpg 300w, https:\/\/agora.xtec.cat\/ceippractiques2-lleida\/wp-content\/uploads\/usu635\/2021\/11\/foto-projecte-classe-cavalls-768x629.jpg 768w, https:\/\/agora.xtec.cat\/ceippractiques2-lleida\/wp-content\/uploads\/usu635\/2021\/11\/foto-projecte-classe-cavalls-1536x1258.jpg 1536w, https:\/\/agora.xtec.cat\/ceippractiques2-lleida\/wp-content\/uploads\/usu635\/2021\/11\/foto-projecte-classe-cavalls-2048x1677.jpg 2048w\" sizes=\"auto, (max-width: 319px) 100vw, 319px\" \/><\/a><\/p>\n<p>Tamb\u00e9 us deixem la can\u00e7\u00f3 ( cliqueu damunt la paraula <strong>cavall de color verd<\/strong> ) que hem estat treballant del <a href=\"https:\/\/www.youtube.com\/watch?v=1hN6kLvPo7s\"><strong>cavall\u00a0<\/strong><\/a><\/p>\n<p>&nbsp;<\/p>\n<p>&nbsp;<\/p>\n<p>&nbsp;<\/p>\n","protected":false},"excerpt":{"rendered":"<p>Aquest trimestre els alumnes de P4 A han treballat el projecte dels cavalls,\u00a0 com ja sabeu \u00e9s el\u00a0 nom de la classe.<br \/>\nUs volem agrair a totes les fam\u00edlies la vostra col\u00b7laboraci\u00f3 en aquest projecte amb les vostres aportacions (contes, murals, material natural (herba i la&hellip;  <a href=\"https:\/\/agora.xtec.cat\/ceippractiques2-lleida\/general\/projecte-els-cavalls-p4-a\/\" title=\"Read PROJECTE &#8220;ELS CAVALLS&#8221; P4 A\">Llegeix m\u00e9s\u00bb<\/a><\/p>\n","protected":false},"author":22,"featured_media":4943,"comment_status":"open","ping_status":"closed","sticky":false,"template":"","format":"standard","meta":{"_bbp_topic_count":0,"_bbp_reply_count":0,"_bbp_total_topic_count":0,"_bbp_total_reply_count":0,"_bbp_voice_count":0,"_bbp_anonymous_reply_count":0,"_bbp_topic_count_hidden":0,"_bbp_reply_count_hidden":0,"_bbp_forum_subforum_count":0,"footnotes":""},"categories":[2,1,8,4],"tags":[],"class_list":["post-4941","post","type-post","status-publish","format-standard","has-post-thumbnail","hentry","category-infantil","category-general","category-i4","category-portada"],"post_mailing_queue_ids":[],"_links":{"self":[{"href":"https:\/\/agora.xtec.cat\/ceippractiques2-lleida\/wp-json\/wp\/v2\/posts\/4941","targetHints":{"allow":["GET"]}}],"collection":[{"href":"https:\/\/agora.xtec.cat\/ceippractiques2-lleida\/wp-json\/wp\/v2\/posts"}],"about":[{"href":"https:\/\/agora.xtec.cat\/ceippractiques2-lleida\/wp-json\/wp\/v2\/types\/post"}],"author":[{"embeddable":true,"href":"https:\/\/agora.xtec.cat\/ceippractiques2-lleida\/wp-json\/wp\/v2\/users\/22"}],"replies":[{"embeddable":true,"href":"https:\/\/agora.xtec.cat\/ceippractiques2-lleida\/wp-json\/wp\/v2\/comments?post=4941"}],"version-history":[{"count":3,"href":"https:\/\/agora.xtec.cat\/ceippractiques2-lleida\/wp-json\/wp\/v2\/posts\/4941\/revisions"}],"predecessor-version":[{"id":4948,"href":"https:\/\/agora.xtec.cat\/ceippractiques2-lleida\/wp-json\/wp\/v2\/posts\/4941\/revisions\/4948"}],"wp:featuredmedia":[{"embeddable":true,"href":"https:\/\/agora.xtec.cat\/ceippractiques2-lleida\/wp-json\/wp\/v2\/media\/4943"}],"wp:attachment":[{"href":"https:\/\/agora.xtec.cat\/ceippractiques2-lleida\/wp-json\/wp\/v2\/media?parent=4941"}],"wp:term":[{"taxonomy":"category","embeddable":true,"href":"https:\/\/agora.xtec.cat\/ceippractiques2-lleida\/wp-json\/wp\/v2\/categories?post=4941"},{"taxonomy":"post_tag","embeddable":true,"href":"https:\/\/agora.xtec.cat\/ceippractiques2-lleida\/wp-json\/wp\/v2\/tags?post=4941"}],"curies":[{"name":"wp","href":"https:\/\/api.w.org\/{rel}","templated":true}]}}