{"id":4936,"date":"2021-11-21T21:06:05","date_gmt":"2021-11-21T20:06:05","guid":{"rendered":"https:\/\/agora.xtec.cat\/ceippractiques2-lleida\/?p=4936"},"modified":"2021-11-21T21:06:05","modified_gmt":"2021-11-21T20:06:05","slug":"cicle-inicial-va-dexcursio-pel-barri","status":"publish","type":"post","link":"https:\/\/agora.xtec.cat\/ceippractiques2-lleida\/portada\/cicle-inicial-va-dexcursio-pel-barri\/","title":{"rendered":"CICLE INICIAL VA D&#8217;EXCURSI\u00d3 PEL BARRI"},"content":{"rendered":"<p>Els nens i nenes de cicle inicial estem treballant el projecte del barri de l&#8217;escola. Per con\u00e8ixer el barri en profunditat hem realitzat dues sortides. Hem vist els diferents edificis i serveis del barri: els centres hospitalaris, els mossos d&#8217;esquadra, els parcs, el camp d&#8217;esports, el vel\u00f2drom, el mercat setmanal, el mercat de Fleming, pavell\u00f3 Onze de Setembre&#8230;<\/p>\n<p>Ens ho hem passat d&#8217;all\u00f2 m\u00e9s b\u00e9 i ha estat una excursi\u00f3 molt enriquidora!<\/p>\n<p>Aqu\u00ed en teniu un petit tastet en forma d&#8217;imatge.<\/p>\n<p data-wp-editing=\"1\"><a href=\"https:\/\/photos.app.goo.gl\/gghSt3UGgRAfxKN46\" target=\"_blank\" rel=\"noopener\"><img loading=\"lazy\" decoding=\"async\" class=\"alignnone  wp-image-4937\" src=\"https:\/\/agora.xtec.cat\/ceippractiques2-lleida\/wp-content\/uploads\/usu635\/2021\/11\/1r-1024x819.jpg\" alt=\"\" width=\"436\" height=\"348\" srcset=\"https:\/\/agora.xtec.cat\/ceippractiques2-lleida\/wp-content\/uploads\/usu635\/2021\/11\/1r-1024x819.jpg 1024w, https:\/\/agora.xtec.cat\/ceippractiques2-lleida\/wp-content\/uploads\/usu635\/2021\/11\/1r-300x240.jpg 300w, https:\/\/agora.xtec.cat\/ceippractiques2-lleida\/wp-content\/uploads\/usu635\/2021\/11\/1r-768x614.jpg 768w, https:\/\/agora.xtec.cat\/ceippractiques2-lleida\/wp-content\/uploads\/usu635\/2021\/11\/1r-1536x1229.jpg 1536w, https:\/\/agora.xtec.cat\/ceippractiques2-lleida\/wp-content\/uploads\/usu635\/2021\/11\/1r.jpg 2000w\" sizes=\"auto, (max-width: 436px) 100vw, 436px\" \/><\/a><a href=\"https:\/\/photos.app.goo.gl\/B2H2p9W4RpvwHHey5\" target=\"_blank\" rel=\"noopener\"><img loading=\"lazy\" decoding=\"async\" class=\"alignnone  wp-image-4938\" src=\"https:\/\/agora.xtec.cat\/ceippractiques2-lleida\/wp-content\/uploads\/usu635\/2021\/11\/2n-1024x819.jpg\" alt=\"\" width=\"435\" height=\"348\" srcset=\"https:\/\/agora.xtec.cat\/ceippractiques2-lleida\/wp-content\/uploads\/usu635\/2021\/11\/2n-1024x819.jpg 1024w, https:\/\/agora.xtec.cat\/ceippractiques2-lleida\/wp-content\/uploads\/usu635\/2021\/11\/2n-300x240.jpg 300w, https:\/\/agora.xtec.cat\/ceippractiques2-lleida\/wp-content\/uploads\/usu635\/2021\/11\/2n-768x614.jpg 768w, https:\/\/agora.xtec.cat\/ceippractiques2-lleida\/wp-content\/uploads\/usu635\/2021\/11\/2n-1536x1229.jpg 1536w, https:\/\/agora.xtec.cat\/ceippractiques2-lleida\/wp-content\/uploads\/usu635\/2021\/11\/2n.jpg 2000w\" sizes=\"auto, (max-width: 435px) 100vw, 435px\" \/><\/a><\/p>\n<p>&nbsp;<\/p>\n","protected":false},"excerpt":{"rendered":"<p>Els nens i nenes de cicle inicial estem treballant el projecte del barri de l&#8217;escola. Per con\u00e8ixer el barri en profunditat hem realitzat dues sortides. Hem vist els diferents edificis i serveis del barri: els centres hospitalaris, els mossos d&#8217;esquadra, els parcs, el camp d&#8217;esports,&hellip;  <a href=\"https:\/\/agora.xtec.cat\/ceippractiques2-lleida\/portada\/cicle-inicial-va-dexcursio-pel-barri\/\" title=\"Read CICLE INICIAL VA D&#8217;EXCURSI\u00d3 PEL BARRI\">Llegeix m\u00e9s\u00bb<\/a><\/p>\n","protected":false},"author":16,"featured_media":0,"comment_status":"open","ping_status":"closed","sticky":false,"template":"","format":"standard","meta":{"_bbp_topic_count":0,"_bbp_reply_count":0,"_bbp_total_topic_count":0,"_bbp_total_reply_count":0,"_bbp_voice_count":0,"_bbp_anonymous_reply_count":0,"_bbp_topic_count_hidden":0,"_bbp_reply_count_hidden":0,"_bbp_forum_subforum_count":0,"footnotes":""},"categories":[10,11,5,4],"tags":[],"class_list":["post-4936","post","type-post","status-publish","format-standard","hentry","category-1r","category-2n","category-primaria","category-portada"],"post_mailing_queue_ids":[],"_links":{"self":[{"href":"https:\/\/agora.xtec.cat\/ceippractiques2-lleida\/wp-json\/wp\/v2\/posts\/4936","targetHints":{"allow":["GET"]}}],"collection":[{"href":"https:\/\/agora.xtec.cat\/ceippractiques2-lleida\/wp-json\/wp\/v2\/posts"}],"about":[{"href":"https:\/\/agora.xtec.cat\/ceippractiques2-lleida\/wp-json\/wp\/v2\/types\/post"}],"author":[{"embeddable":true,"href":"https:\/\/agora.xtec.cat\/ceippractiques2-lleida\/wp-json\/wp\/v2\/users\/16"}],"replies":[{"embeddable":true,"href":"https:\/\/agora.xtec.cat\/ceippractiques2-lleida\/wp-json\/wp\/v2\/comments?post=4936"}],"version-history":[{"count":2,"href":"https:\/\/agora.xtec.cat\/ceippractiques2-lleida\/wp-json\/wp\/v2\/posts\/4936\/revisions"}],"predecessor-version":[{"id":4940,"href":"https:\/\/agora.xtec.cat\/ceippractiques2-lleida\/wp-json\/wp\/v2\/posts\/4936\/revisions\/4940"}],"wp:attachment":[{"href":"https:\/\/agora.xtec.cat\/ceippractiques2-lleida\/wp-json\/wp\/v2\/media?parent=4936"}],"wp:term":[{"taxonomy":"category","embeddable":true,"href":"https:\/\/agora.xtec.cat\/ceippractiques2-lleida\/wp-json\/wp\/v2\/categories?post=4936"},{"taxonomy":"post_tag","embeddable":true,"href":"https:\/\/agora.xtec.cat\/ceippractiques2-lleida\/wp-json\/wp\/v2\/tags?post=4936"}],"curies":[{"name":"wp","href":"https:\/\/api.w.org\/{rel}","templated":true}]}}