{"id":4926,"date":"2021-11-19T15:19:43","date_gmt":"2021-11-19T14:19:43","guid":{"rendered":"https:\/\/agora.xtec.cat\/ceippractiques2-lleida\/?p=4926"},"modified":"2021-11-19T15:21:56","modified_gmt":"2021-11-19T14:21:56","slug":"cs-6e-fenomens-electrics","status":"publish","type":"post","link":"https:\/\/agora.xtec.cat\/ceippractiques2-lleida\/general\/cs-6e-fenomens-electrics\/","title":{"rendered":"CS 6\u00e8: FEN\u00d2MENS EL\u00c8CTRICS"},"content":{"rendered":"<p>A principis de novembre l&#8217;alumnat de sis\u00e8 vam anar al Caixa F\u00f2rum a realitzar una activitat relacionada amb els<strong> FEN\u00d2MENS EL\u00c8CTRICS<\/strong><\/p>\n<p>Des que els grecs van descobrir que, en fregar un tros d&#8217;ambre, aquest atreia les plomes i els fils que tenia a prop, fins ara s&#8217;han anat descobrint moltes coses relacionades amb l&#8217;electricitat que durant molt de temps, pel fet que no es podien explicar cient\u00edficament, es creien plenes d&#8217;atribucions gaireb\u00e9 m\u00e0giques.<\/p>\n<p>En aquest taller els nens i nenes van realitzar una s\u00e8rie d&#8217;experiments vistosos, molt participatius i molt divertits que els van permetre prendre consci\u00e8ncia que les c\u00e0rregues el\u00e8ctriques s\u00f3n a tot arreu, mentre fan troballes sobre el meravell\u00f3s m\u00f3n dels fen\u00f2mens el\u00e8ctrics.<\/p>\n<p><strong>Podeu veure algunes imatges dels tallers clicant la seg\u00fcent imatge.<\/strong><\/p>\n<p><a href=\"https:\/\/photos.app.goo.gl\/qvSTAsK8CYLYsrk38\" target=\"_blank\" rel=\"noopener\"><img loading=\"lazy\" decoding=\"async\" class=\"aligncenter wp-image-4927\" src=\"https:\/\/agora.xtec.cat\/ceippractiques2-lleida\/wp-content\/uploads\/usu635\/2021\/11\/20211104_100530-768x1024.jpg\" alt=\"\" width=\"225\" height=\"300\" srcset=\"https:\/\/agora.xtec.cat\/ceippractiques2-lleida\/wp-content\/uploads\/usu635\/2021\/11\/20211104_100530-768x1024.jpg 768w, https:\/\/agora.xtec.cat\/ceippractiques2-lleida\/wp-content\/uploads\/usu635\/2021\/11\/20211104_100530-225x300.jpg 225w, https:\/\/agora.xtec.cat\/ceippractiques2-lleida\/wp-content\/uploads\/usu635\/2021\/11\/20211104_100530-1152x1536.jpg 1152w, https:\/\/agora.xtec.cat\/ceippractiques2-lleida\/wp-content\/uploads\/usu635\/2021\/11\/20211104_100530-1536x2048.jpg 1536w, https:\/\/agora.xtec.cat\/ceippractiques2-lleida\/wp-content\/uploads\/usu635\/2021\/11\/20211104_100530-scaled.jpg 1920w\" sizes=\"auto, (max-width: 225px) 100vw, 225px\" \/><\/a><\/p>\n","protected":false},"excerpt":{"rendered":"<p>A principis de novembre l&#8217;alumnat de sis\u00e8 vam anar al Caixa F\u00f2rum a realitzar una activitat relacionada amb els FEN\u00d2MENS EL\u00c8CTRICS<br \/>\nDes que els grecs van descobrir que, en fregar un tros d&#8217;ambre, aquest atreia les plomes i els fils que tenia a prop, fins ara&hellip;  <a href=\"https:\/\/agora.xtec.cat\/ceippractiques2-lleida\/general\/cs-6e-fenomens-electrics\/\" title=\"Read CS 6\u00e8: FEN\u00d2MENS EL\u00c8CTRICS\">Llegeix m\u00e9s\u00bb<\/a><\/p>\n","protected":false},"author":1,"featured_media":4927,"comment_status":"open","ping_status":"closed","sticky":false,"template":"","format":"standard","meta":{"_bbp_topic_count":0,"_bbp_reply_count":0,"_bbp_total_topic_count":0,"_bbp_total_reply_count":0,"_bbp_voice_count":0,"_bbp_anonymous_reply_count":0,"_bbp_topic_count_hidden":0,"_bbp_reply_count_hidden":0,"_bbp_forum_subforum_count":0,"footnotes":""},"categories":[15,5,1,4,24],"tags":[85,79,71,65],"class_list":["post-4926","post","type-post","status-publish","format-standard","has-post-thumbnail","hentry","category-6e","category-primaria","category-general","category-portada","category-tallers","tag-cicle-superior","tag-sise","tag-sortida","tag-visita"],"post_mailing_queue_ids":[],"_links":{"self":[{"href":"https:\/\/agora.xtec.cat\/ceippractiques2-lleida\/wp-json\/wp\/v2\/posts\/4926","targetHints":{"allow":["GET"]}}],"collection":[{"href":"https:\/\/agora.xtec.cat\/ceippractiques2-lleida\/wp-json\/wp\/v2\/posts"}],"about":[{"href":"https:\/\/agora.xtec.cat\/ceippractiques2-lleida\/wp-json\/wp\/v2\/types\/post"}],"author":[{"embeddable":true,"href":"https:\/\/agora.xtec.cat\/ceippractiques2-lleida\/wp-json\/wp\/v2\/users\/1"}],"replies":[{"embeddable":true,"href":"https:\/\/agora.xtec.cat\/ceippractiques2-lleida\/wp-json\/wp\/v2\/comments?post=4926"}],"version-history":[{"count":2,"href":"https:\/\/agora.xtec.cat\/ceippractiques2-lleida\/wp-json\/wp\/v2\/posts\/4926\/revisions"}],"predecessor-version":[{"id":4929,"href":"https:\/\/agora.xtec.cat\/ceippractiques2-lleida\/wp-json\/wp\/v2\/posts\/4926\/revisions\/4929"}],"wp:featuredmedia":[{"embeddable":true,"href":"https:\/\/agora.xtec.cat\/ceippractiques2-lleida\/wp-json\/wp\/v2\/media\/4927"}],"wp:attachment":[{"href":"https:\/\/agora.xtec.cat\/ceippractiques2-lleida\/wp-json\/wp\/v2\/media?parent=4926"}],"wp:term":[{"taxonomy":"category","embeddable":true,"href":"https:\/\/agora.xtec.cat\/ceippractiques2-lleida\/wp-json\/wp\/v2\/categories?post=4926"},{"taxonomy":"post_tag","embeddable":true,"href":"https:\/\/agora.xtec.cat\/ceippractiques2-lleida\/wp-json\/wp\/v2\/tags?post=4926"}],"curies":[{"name":"wp","href":"https:\/\/api.w.org\/{rel}","templated":true}]}}