{"id":4923,"date":"2021-12-03T15:40:08","date_gmt":"2021-12-03T14:40:08","guid":{"rendered":"https:\/\/agora.xtec.cat\/ceippractiques2-lleida\/?p=4923"},"modified":"2021-12-03T15:40:45","modified_gmt":"2021-12-03T14:40:45","slug":"cicle-superior-fundacio-vicki-bernadet","status":"publish","type":"post","link":"https:\/\/agora.xtec.cat\/ceippractiques2-lleida\/general\/cicle-superior-fundacio-vicki-bernadet\/","title":{"rendered":"6\u00e8: FUNDACI\u00d3 VICKI BERNADET"},"content":{"rendered":"<p>Fa uns dies l&#8217;alumnat de sis\u00e8 ha pogut gaudir de la xerrada que ens ha ofert la Fundaci\u00f3 Vicki Bernadet.<\/p>\n<p>Aquesta fundaci\u00f3\u00a0 treballa des de 1997 en l\u2019atenci\u00f3 integral, prevenci\u00f3 i sensibilitzaci\u00f3 dels abusos sexuals a menors comesos en l\u2019\u00e0mbit familiar i de l\u2019entorn de confian\u00e7a del nen o nena.<\/p>\n<p>Els nens i nenes de cicle superior de prim\u00e0ria es troben en un moment important del seu desenvolupament, en el que comencen a establir els propis l\u00edmits i els dels altres. Aquesta activitat genera un espai de reflexi\u00f3 amb els nens i nenes per parlar i entendre les circumst\u00e0ncies que es poden produir en una situaci\u00f3 en qu\u00e8 es vulneren aquests l\u00edmits, per poder introduir de manera senzilla eines d\u2019autoprotecci\u00f3 i detecci\u00f3 de possibles situacions abusives.<\/p>\n<p>Podeu veure algunes fotografies de la sessi\u00f3 clicant la seg\u00fcent imatge.<\/p>\n<p><a href=\"https:\/\/photos.app.goo.gl\/tWvj9mwA15XyYeZK9\" target=\"_blank\" rel=\"noopener\"><img loading=\"lazy\" decoding=\"async\" class=\"alignnone wp-image-4924\" src=\"https:\/\/agora.xtec.cat\/ceippractiques2-lleida\/wp-content\/uploads\/usu635\/2021\/11\/Captura.png\" alt=\"\" width=\"406\" height=\"220\" \/><\/a><\/p>\n","protected":false},"excerpt":{"rendered":"<p>Fa uns dies l&#8217;alumnat de sis\u00e8 ha pogut gaudir de la xerrada que ens ha ofert la Fundaci\u00f3 Vicki Bernadet.<br \/>\nAquesta fundaci\u00f3\u00a0 treballa des de 1997 en l\u2019atenci\u00f3 integral, prevenci\u00f3 i sensibilitzaci\u00f3 dels abusos sexuals a menors comesos en l\u2019\u00e0mbit familiar i de l\u2019entorn de confian\u00e7a&hellip;  <a href=\"https:\/\/agora.xtec.cat\/ceippractiques2-lleida\/general\/cicle-superior-fundacio-vicki-bernadet\/\" title=\"Read 6\u00e8: FUNDACI\u00d3 VICKI BERNADET\">Llegeix m\u00e9s\u00bb<\/a><\/p>\n","protected":false},"author":1,"featured_media":4924,"comment_status":"open","ping_status":"closed","sticky":false,"template":"","format":"standard","meta":{"_bbp_topic_count":0,"_bbp_reply_count":0,"_bbp_total_topic_count":0,"_bbp_total_reply_count":0,"_bbp_voice_count":0,"_bbp_anonymous_reply_count":0,"_bbp_topic_count_hidden":0,"_bbp_reply_count_hidden":0,"_bbp_forum_subforum_count":0,"footnotes":""},"categories":[15,5,1,4,37],"tags":[85,79],"class_list":["post-4923","post","type-post","status-publish","format-standard","has-post-thumbnail","hentry","category-6e","category-primaria","category-general","category-portada","category-salut","tag-cicle-superior","tag-sise"],"post_mailing_queue_ids":[],"_links":{"self":[{"href":"https:\/\/agora.xtec.cat\/ceippractiques2-lleida\/wp-json\/wp\/v2\/posts\/4923","targetHints":{"allow":["GET"]}}],"collection":[{"href":"https:\/\/agora.xtec.cat\/ceippractiques2-lleida\/wp-json\/wp\/v2\/posts"}],"about":[{"href":"https:\/\/agora.xtec.cat\/ceippractiques2-lleida\/wp-json\/wp\/v2\/types\/post"}],"author":[{"embeddable":true,"href":"https:\/\/agora.xtec.cat\/ceippractiques2-lleida\/wp-json\/wp\/v2\/users\/1"}],"replies":[{"embeddable":true,"href":"https:\/\/agora.xtec.cat\/ceippractiques2-lleida\/wp-json\/wp\/v2\/comments?post=4923"}],"version-history":[{"count":3,"href":"https:\/\/agora.xtec.cat\/ceippractiques2-lleida\/wp-json\/wp\/v2\/posts\/4923\/revisions"}],"predecessor-version":[{"id":4962,"href":"https:\/\/agora.xtec.cat\/ceippractiques2-lleida\/wp-json\/wp\/v2\/posts\/4923\/revisions\/4962"}],"wp:featuredmedia":[{"embeddable":true,"href":"https:\/\/agora.xtec.cat\/ceippractiques2-lleida\/wp-json\/wp\/v2\/media\/4924"}],"wp:attachment":[{"href":"https:\/\/agora.xtec.cat\/ceippractiques2-lleida\/wp-json\/wp\/v2\/media?parent=4923"}],"wp:term":[{"taxonomy":"category","embeddable":true,"href":"https:\/\/agora.xtec.cat\/ceippractiques2-lleida\/wp-json\/wp\/v2\/categories?post=4923"},{"taxonomy":"post_tag","embeddable":true,"href":"https:\/\/agora.xtec.cat\/ceippractiques2-lleida\/wp-json\/wp\/v2\/tags?post=4923"}],"curies":[{"name":"wp","href":"https:\/\/api.w.org\/{rel}","templated":true}]}}