{"id":4903,"date":"2021-11-19T13:06:41","date_gmt":"2021-11-19T12:06:41","guid":{"rendered":"https:\/\/agora.xtec.cat\/ceippractiques2-lleida\/?p=4903"},"modified":"2021-11-19T13:07:22","modified_gmt":"2021-11-19T12:07:22","slug":"gaudim-de-la-tardor-a-p3","status":"publish","type":"post","link":"https:\/\/agora.xtec.cat\/ceippractiques2-lleida\/general\/gaudim-de-la-tardor-a-p3\/","title":{"rendered":"GAUDIM DE LA TARDOR A P3"},"content":{"rendered":"<p>HOLA FAM\u00cdLIES,<\/p>\n<p>VOLEM COMPARTIR AMB VOSALTRES UN RECULL D&#8217;IMATGES DE LES ACTIVITATS QUE HEM FET SOBRE LA TARDOR. HEM DESCOBERT MOLTES FRUITES, HEM APR\u00c8S ELS SEUS NOMS, LES HEM TOCAT, LES HEM OBSERVAT I LES HEM POGUT TASTAR. QU\u00c8 BONES ESTAN LES FRUITES DE LA TARDOR!<\/p>\n<p>TAMB\u00c9 HEM APR\u00c8S CAN\u00c7ONS I DITES DE LA TARDOR, QU\u00c8 DIVERTIT HA SIGUT!<\/p>\n<p>ESPEREM QUE VOSALTRES TAMB\u00c9 GAUDIU MIRANT LES FOTOS TANT COM NOSALTRES HO HEM FET MENTRE F\u00c8IEM TOTES LES ACTIVITATS.<\/p>\n<p><a href=\"https:\/\/photos.app.goo.gl\/WUm7tccdFZRVKVsX8\" target=\"_blank\" rel=\"noopener\"><img loading=\"lazy\" decoding=\"async\" class=\"aligncenter wp-image-4906 size-medium\" src=\"https:\/\/agora.xtec.cat\/ceippractiques2-lleida\/wp-content\/uploads\/usu635\/2021\/11\/portada-300x205.png\" alt=\"\" width=\"300\" height=\"205\" srcset=\"https:\/\/agora.xtec.cat\/ceippractiques2-lleida\/wp-content\/uploads\/usu635\/2021\/11\/portada-300x205.png 300w, https:\/\/agora.xtec.cat\/ceippractiques2-lleida\/wp-content\/uploads\/usu635\/2021\/11\/portada-768x525.png 768w, https:\/\/agora.xtec.cat\/ceippractiques2-lleida\/wp-content\/uploads\/usu635\/2021\/11\/portada.png 1024w\" sizes=\"auto, (max-width: 300px) 100vw, 300px\" \/><\/a><\/p>\n<p>&nbsp;<\/p>\n","protected":false},"excerpt":{"rendered":"<p>HOLA FAM\u00cdLIES,<br \/>\nVOLEM COMPARTIR AMB VOSALTRES UN RECULL D&#8217;IMATGES DE LES ACTIVITATS QUE HEM FET SOBRE LA TARDOR. HEM DESCOBERT MOLTES FRUITES, HEM APR\u00c8S ELS SEUS NOMS, LES HEM TOCAT, LES HEM OBSERVAT I LES HEM POGUT TASTAR. QU\u00c8 BONES ESTAN LES FRUITES DE LA TARDOR!<br \/>\nTAMB\u00c9&hellip;  <a href=\"https:\/\/agora.xtec.cat\/ceippractiques2-lleida\/general\/gaudim-de-la-tardor-a-p3\/\" title=\"Read GAUDIM DE LA TARDOR A P3\">Llegeix m\u00e9s\u00bb<\/a><\/p>\n","protected":false},"author":17,"featured_media":4906,"comment_status":"open","ping_status":"closed","sticky":false,"template":"","format":"standard","meta":{"_bbp_topic_count":0,"_bbp_reply_count":0,"_bbp_total_topic_count":0,"_bbp_total_reply_count":0,"_bbp_voice_count":0,"_bbp_anonymous_reply_count":0,"_bbp_topic_count_hidden":0,"_bbp_reply_count_hidden":0,"_bbp_forum_subforum_count":0,"footnotes":""},"categories":[2,1,3,4],"tags":[184,185,152,179],"class_list":["post-4903","post","type-post","status-publish","format-standard","has-post-thumbnail","hentry","category-infantil","category-general","category-i3","category-portada","tag-experiment","tag-fruites-tardor","tag-p3","tag-tardor"],"post_mailing_queue_ids":[],"_links":{"self":[{"href":"https:\/\/agora.xtec.cat\/ceippractiques2-lleida\/wp-json\/wp\/v2\/posts\/4903","targetHints":{"allow":["GET"]}}],"collection":[{"href":"https:\/\/agora.xtec.cat\/ceippractiques2-lleida\/wp-json\/wp\/v2\/posts"}],"about":[{"href":"https:\/\/agora.xtec.cat\/ceippractiques2-lleida\/wp-json\/wp\/v2\/types\/post"}],"author":[{"embeddable":true,"href":"https:\/\/agora.xtec.cat\/ceippractiques2-lleida\/wp-json\/wp\/v2\/users\/17"}],"replies":[{"embeddable":true,"href":"https:\/\/agora.xtec.cat\/ceippractiques2-lleida\/wp-json\/wp\/v2\/comments?post=4903"}],"version-history":[{"count":1,"href":"https:\/\/agora.xtec.cat\/ceippractiques2-lleida\/wp-json\/wp\/v2\/posts\/4903\/revisions"}],"predecessor-version":[{"id":4907,"href":"https:\/\/agora.xtec.cat\/ceippractiques2-lleida\/wp-json\/wp\/v2\/posts\/4903\/revisions\/4907"}],"wp:featuredmedia":[{"embeddable":true,"href":"https:\/\/agora.xtec.cat\/ceippractiques2-lleida\/wp-json\/wp\/v2\/media\/4906"}],"wp:attachment":[{"href":"https:\/\/agora.xtec.cat\/ceippractiques2-lleida\/wp-json\/wp\/v2\/media?parent=4903"}],"wp:term":[{"taxonomy":"category","embeddable":true,"href":"https:\/\/agora.xtec.cat\/ceippractiques2-lleida\/wp-json\/wp\/v2\/categories?post=4903"},{"taxonomy":"post_tag","embeddable":true,"href":"https:\/\/agora.xtec.cat\/ceippractiques2-lleida\/wp-json\/wp\/v2\/tags?post=4903"}],"curies":[{"name":"wp","href":"https:\/\/api.w.org\/{rel}","templated":true}]}}