{"id":4888,"date":"2021-11-10T14:53:47","date_gmt":"2021-11-10T13:53:47","guid":{"rendered":"https:\/\/agora.xtec.cat\/ceippractiques2-lleida\/?p=4888"},"modified":"2021-11-10T14:53:47","modified_gmt":"2021-11-10T13:53:47","slug":"6e-cicle-superior-llengua-catalana","status":"publish","type":"post","link":"https:\/\/agora.xtec.cat\/ceippractiques2-lleida\/portada\/6e-cicle-superior-llengua-catalana\/","title":{"rendered":"6\u00e8 CICLE SUPERIOR: Llengua catalana"},"content":{"rendered":"<p>Ei fam\u00edlies!<\/p>\n<p>6\u00e8 repassem conceptes de llengua jugant al trivial!<\/p>\n<p>Fem preguntes sobre camps sem\u00e0ntics, accentuaci\u00f3, sin\u00f2nims i ant\u00f2nims, categories gramaticals&#8230; i\u00a0 molt m\u00e9s!<\/p>\n<p>Cliqueu la imatge per veure una petita mostra.<\/p>\n<p><a href=\"https:\/\/www.canva.com\/design\/DAEvVXUM3ps\/mIyHxhqvrS8gy-CDrbcwBQ\/view?utm_content=DAEvVXUM3ps&amp;utm_campaign=designshare&amp;utm_medium=link&amp;utm_source=publishsharelink\" target=\"_blank\" rel=\"noopener\"><img loading=\"lazy\" decoding=\"async\" class=\"aligncenter wp-image-4889\" src=\"https:\/\/agora.xtec.cat\/ceippractiques2-lleida\/wp-content\/uploads\/usu635\/2021\/11\/trivial-1024x572.png\" alt=\"\" width=\"843\" height=\"471\" srcset=\"https:\/\/agora.xtec.cat\/ceippractiques2-lleida\/wp-content\/uploads\/usu635\/2021\/11\/trivial-1024x572.png 1024w, https:\/\/agora.xtec.cat\/ceippractiques2-lleida\/wp-content\/uploads\/usu635\/2021\/11\/trivial-300x168.png 300w, https:\/\/agora.xtec.cat\/ceippractiques2-lleida\/wp-content\/uploads\/usu635\/2021\/11\/trivial-768x429.png 768w, https:\/\/agora.xtec.cat\/ceippractiques2-lleida\/wp-content\/uploads\/usu635\/2021\/11\/trivial.png 1353w\" sizes=\"auto, (max-width: 843px) 100vw, 843px\" \/><\/a><\/p>\n","protected":false},"excerpt":{"rendered":"<p>Ei fam\u00edlies!<br \/>\n6\u00e8 repassem conceptes de llengua jugant al trivial!<br \/>\nFem preguntes sobre camps sem\u00e0ntics, accentuaci\u00f3, sin\u00f2nims i ant\u00f2nims, categories gramaticals&#8230; i\u00a0 molt m\u00e9s!<br \/>\nCliqueu la imatge per veure una petita mostra.<br \/>\n<a href=\"https:\/\/www.canva.com\/design\/DAEvVXUM3ps\/mIyHxhqvrS8gy-CDrbcwBQ\/view?utm_content=DAEvVXUM3ps&amp;utm_campaign=designshare&amp;utm_medium=link&amp;utm_source=publishsharelink\" target=\"_blank\" rel=\"noopener\"><\/a><\/p>\n","protected":false},"author":1,"featured_media":4889,"comment_status":"open","ping_status":"closed","sticky":false,"template":"","format":"standard","meta":{"_bbp_topic_count":0,"_bbp_reply_count":0,"_bbp_total_topic_count":0,"_bbp_total_reply_count":0,"_bbp_voice_count":0,"_bbp_anonymous_reply_count":0,"_bbp_topic_count_hidden":0,"_bbp_reply_count_hidden":0,"_bbp_forum_subforum_count":0,"footnotes":""},"categories":[15,5,4],"tags":[177,178,79],"class_list":["post-4888","post","type-post","status-publish","format-standard","has-post-thumbnail","hentry","category-6e","category-primaria","category-portada","tag-llengua-catalana","tag-primaria","tag-sise"],"post_mailing_queue_ids":[],"_links":{"self":[{"href":"https:\/\/agora.xtec.cat\/ceippractiques2-lleida\/wp-json\/wp\/v2\/posts\/4888","targetHints":{"allow":["GET"]}}],"collection":[{"href":"https:\/\/agora.xtec.cat\/ceippractiques2-lleida\/wp-json\/wp\/v2\/posts"}],"about":[{"href":"https:\/\/agora.xtec.cat\/ceippractiques2-lleida\/wp-json\/wp\/v2\/types\/post"}],"author":[{"embeddable":true,"href":"https:\/\/agora.xtec.cat\/ceippractiques2-lleida\/wp-json\/wp\/v2\/users\/1"}],"replies":[{"embeddable":true,"href":"https:\/\/agora.xtec.cat\/ceippractiques2-lleida\/wp-json\/wp\/v2\/comments?post=4888"}],"version-history":[{"count":2,"href":"https:\/\/agora.xtec.cat\/ceippractiques2-lleida\/wp-json\/wp\/v2\/posts\/4888\/revisions"}],"predecessor-version":[{"id":4891,"href":"https:\/\/agora.xtec.cat\/ceippractiques2-lleida\/wp-json\/wp\/v2\/posts\/4888\/revisions\/4891"}],"wp:featuredmedia":[{"embeddable":true,"href":"https:\/\/agora.xtec.cat\/ceippractiques2-lleida\/wp-json\/wp\/v2\/media\/4889"}],"wp:attachment":[{"href":"https:\/\/agora.xtec.cat\/ceippractiques2-lleida\/wp-json\/wp\/v2\/media?parent=4888"}],"wp:term":[{"taxonomy":"category","embeddable":true,"href":"https:\/\/agora.xtec.cat\/ceippractiques2-lleida\/wp-json\/wp\/v2\/categories?post=4888"},{"taxonomy":"post_tag","embeddable":true,"href":"https:\/\/agora.xtec.cat\/ceippractiques2-lleida\/wp-json\/wp\/v2\/tags?post=4888"}],"curies":[{"name":"wp","href":"https:\/\/api.w.org\/{rel}","templated":true}]}}