{"id":4792,"date":"2021-06-28T12:03:06","date_gmt":"2021-06-28T10:03:06","guid":{"rendered":"http:\/\/agora.xtec.cat\/ceippractiques2-lleida\/?p=4792"},"modified":"2021-06-28T12:04:41","modified_gmt":"2021-06-28T10:04:41","slug":"comiat-aulmes-de-6e","status":"publish","type":"post","link":"https:\/\/agora.xtec.cat\/ceippractiques2-lleida\/general\/comiat-aulmes-de-6e\/","title":{"rendered":"Comiat alumnes de 6\u00e8"},"content":{"rendered":"<p>Un any m\u00e9s una nova fornada d&#8217;alumnes de 6\u00e8 ens deixen enrere per comen\u00e7ar la seva nova etapa dins l&#8217;educaci\u00f3 secund\u00e0ria.<\/p>\n<p><iframe loading=\"lazy\" title=\"Comiat 6\u00e8 2020-2021\" width=\"500\" height=\"281\" src=\"https:\/\/www.youtube.com\/embed\/tVtKLzybtSY?feature=oembed\" frameborder=\"0\" allow=\"accelerometer; autoplay; clipboard-write; encrypted-media; gyroscope; picture-in-picture; web-share\" referrerpolicy=\"strict-origin-when-cross-origin\" allowfullscreen><\/iframe><\/p>\n<p>Us desitgem les millors experi\u00e8ncies i aprenentatges en aquest nou cam\u00ed. Heu deixat una gran empremta en el cor de l&#8217;Escola Pr\u00e0ctiques II.<\/p>\n<p>Fins sempre!<\/p>\n","protected":false},"excerpt":{"rendered":"<p>Un any m\u00e9s una nova fornada d&#8217;alumnes de 6\u00e8 ens deixen enrere per comen\u00e7ar la seva nova etapa dins l&#8217;educaci\u00f3 secund\u00e0ria.<\/p>\n<p>Us desitgem les millors experi\u00e8ncies i aprenentatges en aquest nou cam\u00ed. Heu deixat una gran empremta en el cor de l&#8217;Escola Pr\u00e0ctiques II.<br \/>\nFins sempre!<\/p>\n","protected":false},"author":18,"featured_media":0,"comment_status":"open","ping_status":"closed","sticky":false,"template":"","format":"standard","meta":{"_bbp_topic_count":0,"_bbp_reply_count":0,"_bbp_total_topic_count":0,"_bbp_total_reply_count":0,"_bbp_voice_count":0,"_bbp_anonymous_reply_count":0,"_bbp_topic_count_hidden":0,"_bbp_reply_count_hidden":0,"_bbp_forum_subforum_count":0,"footnotes":""},"categories":[1,4],"tags":[],"class_list":["post-4792","post","type-post","status-publish","format-standard","hentry","category-general","category-portada"],"post_mailing_queue_ids":[],"_links":{"self":[{"href":"https:\/\/agora.xtec.cat\/ceippractiques2-lleida\/wp-json\/wp\/v2\/posts\/4792","targetHints":{"allow":["GET"]}}],"collection":[{"href":"https:\/\/agora.xtec.cat\/ceippractiques2-lleida\/wp-json\/wp\/v2\/posts"}],"about":[{"href":"https:\/\/agora.xtec.cat\/ceippractiques2-lleida\/wp-json\/wp\/v2\/types\/post"}],"author":[{"embeddable":true,"href":"https:\/\/agora.xtec.cat\/ceippractiques2-lleida\/wp-json\/wp\/v2\/users\/18"}],"replies":[{"embeddable":true,"href":"https:\/\/agora.xtec.cat\/ceippractiques2-lleida\/wp-json\/wp\/v2\/comments?post=4792"}],"version-history":[{"count":3,"href":"https:\/\/agora.xtec.cat\/ceippractiques2-lleida\/wp-json\/wp\/v2\/posts\/4792\/revisions"}],"predecessor-version":[{"id":4796,"href":"https:\/\/agora.xtec.cat\/ceippractiques2-lleida\/wp-json\/wp\/v2\/posts\/4792\/revisions\/4796"}],"wp:attachment":[{"href":"https:\/\/agora.xtec.cat\/ceippractiques2-lleida\/wp-json\/wp\/v2\/media?parent=4792"}],"wp:term":[{"taxonomy":"category","embeddable":true,"href":"https:\/\/agora.xtec.cat\/ceippractiques2-lleida\/wp-json\/wp\/v2\/categories?post=4792"},{"taxonomy":"post_tag","embeddable":true,"href":"https:\/\/agora.xtec.cat\/ceippractiques2-lleida\/wp-json\/wp\/v2\/tags?post=4792"}],"curies":[{"name":"wp","href":"https:\/\/api.w.org\/{rel}","templated":true}]}}