{"id":475,"date":"2016-01-31T20:13:37","date_gmt":"2016-01-31T19:13:37","guid":{"rendered":"http:\/\/agora.xtec.cat\/ceippractiques2-lleida\/?p=475"},"modified":"2016-03-17T23:09:36","modified_gmt":"2016-03-17T22:09:36","slug":"preinscripcio-curs-2015-16","status":"publish","type":"post","link":"https:\/\/agora.xtec.cat\/ceippractiques2-lleida\/portada\/preinscripcio-curs-2015-16\/","title":{"rendered":"Preinscripci\u00f3 curs 2015-16"},"content":{"rendered":"<p><span style=\"font-size: 18px; font-family: verdana,geneva,sans-serif;\">Ja s&#8217;ha anunciat el per\u00edode de <span style=\"color: #3366ff;\">preincripci\u00f3<\/span> escolar pel proper curs que estar\u00e0 compr\u00e8s entre el 10 i el 17 de mar\u00e7.<\/span><\/p>\n<p><a href=\"http:\/\/agora.xtec.cat\/ceippractiques2-lleida\/wp-content\/uploads\/usu635\/2016\/01\/Captura-de-pantalla-2016-01-31-a-les-19.11.30.png\"><img loading=\"lazy\" decoding=\"async\" class=\"  wp-image-474 aligncenter\" src=\"http:\/\/agora.xtec.cat\/ceippractiques2-lleida\/wp-content\/uploads\/usu635\/2016\/01\/Captura-de-pantalla-2016-01-31-a-les-19.11.30.png\" alt=\"Captura de pantalla 2016-01-31 a les 19.11.30\" width=\"377\" height=\"452\" \/><\/a><\/p>\n<p style=\"text-align: justify;\"><span style=\"font-size: 16px;\">Es poden matricular al primer curs del <span style=\"color: #3366ff;\"><strong>segon cicle d&#8217;educaci\u00f3 infantil<\/strong><\/span> els infants que durant l&#8217;any 2015 compleixen els 3 anys i els d\u2019edat diferent als quals correspongui cursar aquest nivell educatiu. Al <span style=\"color: #3366ff;\"><strong>primer curs d&#8217;educaci\u00f3 prim\u00e0ria<\/strong><\/span>, els alumnes que compleixen 6 anys durant l&#8217;any 2015 i els d&#8217;edat diferent als quals correspongui cursar aquest nivell educatiu perqu\u00e8 procedeixen del darrer curs d&#8217;educaci\u00f3 infantil. I, a <span style=\"color: #3366ff;\"><strong>primer curs d&#8217;educaci\u00f3 secund\u00e0ria<\/strong><\/span><\/span><span style=\"font-size: 16px;\"> obligat\u00f2ria es poden matricular els alumnes que compleixen 12 anys durant l&#8217;any 2015 i els d&#8217;edat<\/span><span style=\"font-family: verdana,geneva,sans-serif; font-size: 16px;\"> diferent als quals correspongui acad\u00e8micament iniciar aquesta etapa educativa.<\/span><\/p>\n<p style=\"text-align: justify;\"><span style=\"color: #ff0000;\"><a style=\"color: #ff0000;\" href=\"http:\/\/queestudiar.gencat.cat\/ca\/preinscripcio\/estudis\/ensenyaments_obligatoris\/\" target=\"_blank\"><span style=\"font-size: 20px;\"><strong>Aqu\u00ed podreu trobar m\u00e9s informaci\u00f3<\/strong><\/span><\/a><\/span><\/p>\n","protected":false},"excerpt":{"rendered":"<p>Ja s&#8217;ha anunciat el per\u00edode de preincripci\u00f3 escolar pel proper curs que estar\u00e0 compr\u00e8s entre el 10 i el 17 de mar\u00e7.<br \/>\n<a href=\"http:\/\/agora.xtec.cat\/ceippractiques2-lleida\/wp-content\/uploads\/usu635\/2016\/01\/Captura-de-pantalla-2016-01-31-a-les-19.11.30.png\"><\/a><br \/>\nEs poden matricular al primer curs del segon cicle d&#8217;educaci\u00f3 infantil els infants que durant l&#8217;any 2015 compleixen els 3 anys i els&hellip;  <a href=\"https:\/\/agora.xtec.cat\/ceippractiques2-lleida\/portada\/preinscripcio-curs-2015-16\/\" title=\"Read Preinscripci\u00f3 curs 2015-16\">Llegeix m\u00e9s\u00bb<\/a><\/p>\n","protected":false},"author":1,"featured_media":0,"comment_status":"open","ping_status":"open","sticky":false,"template":"","format":"standard","meta":{"_bbp_topic_count":0,"_bbp_reply_count":0,"_bbp_total_topic_count":0,"_bbp_total_reply_count":0,"_bbp_voice_count":0,"_bbp_anonymous_reply_count":0,"_bbp_topic_count_hidden":0,"_bbp_reply_count_hidden":0,"_bbp_forum_subforum_count":0,"footnotes":""},"categories":[4],"tags":[],"class_list":["post-475","post","type-post","status-publish","format-standard","hentry","category-portada"],"post_mailing_queue_ids":[],"_links":{"self":[{"href":"https:\/\/agora.xtec.cat\/ceippractiques2-lleida\/wp-json\/wp\/v2\/posts\/475","targetHints":{"allow":["GET"]}}],"collection":[{"href":"https:\/\/agora.xtec.cat\/ceippractiques2-lleida\/wp-json\/wp\/v2\/posts"}],"about":[{"href":"https:\/\/agora.xtec.cat\/ceippractiques2-lleida\/wp-json\/wp\/v2\/types\/post"}],"author":[{"embeddable":true,"href":"https:\/\/agora.xtec.cat\/ceippractiques2-lleida\/wp-json\/wp\/v2\/users\/1"}],"replies":[{"embeddable":true,"href":"https:\/\/agora.xtec.cat\/ceippractiques2-lleida\/wp-json\/wp\/v2\/comments?post=475"}],"version-history":[{"count":3,"href":"https:\/\/agora.xtec.cat\/ceippractiques2-lleida\/wp-json\/wp\/v2\/posts\/475\/revisions"}],"predecessor-version":[{"id":765,"href":"https:\/\/agora.xtec.cat\/ceippractiques2-lleida\/wp-json\/wp\/v2\/posts\/475\/revisions\/765"}],"wp:attachment":[{"href":"https:\/\/agora.xtec.cat\/ceippractiques2-lleida\/wp-json\/wp\/v2\/media?parent=475"}],"wp:term":[{"taxonomy":"category","embeddable":true,"href":"https:\/\/agora.xtec.cat\/ceippractiques2-lleida\/wp-json\/wp\/v2\/categories?post=475"},{"taxonomy":"post_tag","embeddable":true,"href":"https:\/\/agora.xtec.cat\/ceippractiques2-lleida\/wp-json\/wp\/v2\/tags?post=475"}],"curies":[{"name":"wp","href":"https:\/\/api.w.org\/{rel}","templated":true}]}}