{"id":4738,"date":"2021-05-21T19:09:34","date_gmt":"2021-05-21T17:09:34","guid":{"rendered":"http:\/\/agora.xtec.cat\/ceippractiques2-lleida\/?p=4738"},"modified":"2026-02-10T12:31:35","modified_gmt":"2026-02-10T11:31:35","slug":"el-projecte-de-lhorta-de-lleida-de-cicle-mitja","status":"publish","type":"post","link":"https:\/\/agora.xtec.cat\/ceippractiques2-lleida\/general\/el-projecte-de-lhorta-de-lleida-de-cicle-mitja\/","title":{"rendered":"El projecte de l&#8217;Horta de Lleida de Cicle Mitj\u00e0"},"content":{"rendered":"<p>Els i les alumnes de Cicle Mitj\u00e0 hem estat aprenent i gaudint l&#8217;horta de Lleida durant els \u00faltims mesos. Hem apr\u00e8s moltes coses al voltant de les terres que ens rodegen, les torres de pag\u00e8s, com fer l&#8217;hort i els productes de temporada, les partides, els canals i les s\u00e9quies.\u00a0 A continuaci\u00f3 us deixem una presentaci\u00f3 on podeu veure tot el que hem fet, i on podeu trobar imatges de les diferents sortides que hem anat realitzant.<\/p>\n<p>Ha sigut una experi\u00e8ncia molt enriquidora!<\/p>\n<p>Podeu saber m\u00e9s sobre el nostre projecte i veure els v\u00eddeos que hem preparat a trav\u00e9s del seg\u00fcent enlla\u00e7:<\/p>\n<p><span style=\"color: #ff6600;\"><a style=\"color: #ff6600;\" href=\"https:\/\/view.genial.ly\/60a26e80bb91440d0e049750\/presentation-projecte-de-lhorta-de-lleida\">Projecte de l&#8217;Horta de Lleida<\/a><\/span><\/p>\n<p>&nbsp;<\/p>\n<p><iframe class=\"wp-embedded-content\" sandbox=\"allow-scripts\" security=\"restricted\" title=\"Projecte de l&#039;horta de Lleida\" frameborder='0' width='1200' height='675' src='https:\/\/view.genially.com\/60a26e80bb91440d0e049750#?secret=aHeFqHOmid' data-secret='aHeFqHOmid' scrolling='yes'><\/iframe><\/p>\n<p>&nbsp;<\/p>\n<p>&nbsp;<\/p>\n","protected":false},"excerpt":{"rendered":"<p>Els i les alumnes de Cicle Mitj\u00e0 hem estat aprenent i gaudint l&#8217;horta de Lleida durant els \u00faltims mesos. Hem apr\u00e8s moltes coses al voltant de les terres que ens rodegen, les torres de pag\u00e8s, com fer l&#8217;hort i els productes de temporada, les partides,&hellip;  <a href=\"https:\/\/agora.xtec.cat\/ceippractiques2-lleida\/general\/el-projecte-de-lhorta-de-lleida-de-cicle-mitja\/\" title=\"Read El projecte de l&#8217;Horta de Lleida de Cicle Mitj\u00e0\">Llegeix m\u00e9s\u00bb<\/a><\/p>\n","protected":false},"author":18,"featured_media":4747,"comment_status":"open","ping_status":"closed","sticky":false,"template":"","format":"standard","meta":{"_bbp_topic_count":0,"_bbp_reply_count":0,"_bbp_total_topic_count":0,"_bbp_total_reply_count":0,"_bbp_voice_count":0,"_bbp_anonymous_reply_count":0,"_bbp_topic_count_hidden":0,"_bbp_reply_count_hidden":0,"_bbp_forum_subforum_count":0,"footnotes":""},"categories":[12,13,1,310,4],"tags":[],"class_list":["post-4738","post","type-post","status-publish","format-standard","has-post-thumbnail","hentry","category-3r","category-4t","category-general","category-hort","category-portada"],"post_mailing_queue_ids":[],"_links":{"self":[{"href":"https:\/\/agora.xtec.cat\/ceippractiques2-lleida\/wp-json\/wp\/v2\/posts\/4738","targetHints":{"allow":["GET"]}}],"collection":[{"href":"https:\/\/agora.xtec.cat\/ceippractiques2-lleida\/wp-json\/wp\/v2\/posts"}],"about":[{"href":"https:\/\/agora.xtec.cat\/ceippractiques2-lleida\/wp-json\/wp\/v2\/types\/post"}],"author":[{"embeddable":true,"href":"https:\/\/agora.xtec.cat\/ceippractiques2-lleida\/wp-json\/wp\/v2\/users\/18"}],"replies":[{"embeddable":true,"href":"https:\/\/agora.xtec.cat\/ceippractiques2-lleida\/wp-json\/wp\/v2\/comments?post=4738"}],"version-history":[{"count":3,"href":"https:\/\/agora.xtec.cat\/ceippractiques2-lleida\/wp-json\/wp\/v2\/posts\/4738\/revisions"}],"predecessor-version":[{"id":4765,"href":"https:\/\/agora.xtec.cat\/ceippractiques2-lleida\/wp-json\/wp\/v2\/posts\/4738\/revisions\/4765"}],"wp:featuredmedia":[{"embeddable":true,"href":"https:\/\/agora.xtec.cat\/ceippractiques2-lleida\/wp-json\/wp\/v2\/media\/4747"}],"wp:attachment":[{"href":"https:\/\/agora.xtec.cat\/ceippractiques2-lleida\/wp-json\/wp\/v2\/media?parent=4738"}],"wp:term":[{"taxonomy":"category","embeddable":true,"href":"https:\/\/agora.xtec.cat\/ceippractiques2-lleida\/wp-json\/wp\/v2\/categories?post=4738"},{"taxonomy":"post_tag","embeddable":true,"href":"https:\/\/agora.xtec.cat\/ceippractiques2-lleida\/wp-json\/wp\/v2\/tags?post=4738"}],"curies":[{"name":"wp","href":"https:\/\/api.w.org\/{rel}","templated":true}]}}