{"id":4732,"date":"2021-05-18T13:09:37","date_gmt":"2021-05-18T11:09:37","guid":{"rendered":"http:\/\/agora.xtec.cat\/ceippractiques2-lleida\/?p=4732"},"modified":"2021-05-18T13:09:37","modified_gmt":"2021-05-18T11:09:37","slug":"p3-visita-el-museu-roda-roda","status":"publish","type":"post","link":"https:\/\/agora.xtec.cat\/ceippractiques2-lleida\/general\/p3-visita-el-museu-roda-roda\/","title":{"rendered":"P3 VISITA EL MUSEU RODA RODA"},"content":{"rendered":"<p>BENVOLGUDES FAMILIES,<\/p>\n<p>EL PASSAT DIVENDRES DIA 14 DE MAIG LES CLASSES DELS CARAGOLS I LES TORTUGUES DE P-3 VAM FER UNA PETITA EXCURSI\u00d3, VAM VISITAR EL MUSEU RODA-RODA ON VAM VEURE COTXES I MOTOS MOLT ANTICS I ALTRES QUE NO HO S\u00d3N TANT. TAMB\u00c9 VAM PODER GAUDIR D&#8217;UNA ESTONA A L&#8217;AIRE LLIURE JUGANT AL PARC.<\/p>\n<p>VA SER MOLT INTERESSANT I DIVERTIT!!!<\/p>\n<p>US DEIXEM UN RECULL D&#8217;IMATGES QUE REFLEXEN EL QUE VAM FER. ESPEREM QUE US AGRADIN I LES COMPARTIU AMB ELS VOSTRES FILLS I FILLES.<\/p>\n<p><a href=\"https:\/\/photos.app.goo.gl\/KXVvWNa2K9bRUWt59\" target=\"_blank\" rel=\"noopener noreferrer\"><img loading=\"lazy\" decoding=\"async\" class=\"alignnone wp-image-4733 size-medium\" src=\"https:\/\/agora.xtec.cat\/ceippractiques2-lleida\/wp-content\/uploads\/usu635\/2021\/05\/WhatsApp-Image-2021-05-14-at-13.22.09-21-300x225.jpeg\" alt=\"\" width=\"300\" height=\"225\" srcset=\"https:\/\/agora.xtec.cat\/ceippractiques2-lleida\/wp-content\/uploads\/usu635\/2021\/05\/WhatsApp-Image-2021-05-14-at-13.22.09-21-300x225.jpeg 300w, https:\/\/agora.xtec.cat\/ceippractiques2-lleida\/wp-content\/uploads\/usu635\/2021\/05\/WhatsApp-Image-2021-05-14-at-13.22.09-21-768x576.jpeg 768w, https:\/\/agora.xtec.cat\/ceippractiques2-lleida\/wp-content\/uploads\/usu635\/2021\/05\/WhatsApp-Image-2021-05-14-at-13.22.09-21.jpeg 1024w, https:\/\/agora.xtec.cat\/ceippractiques2-lleida\/wp-content\/uploads\/usu635\/2021\/05\/WhatsApp-Image-2021-05-14-at-13.22.09-21-200x150.jpeg 200w\" sizes=\"auto, (max-width: 300px) 100vw, 300px\" \/><\/a><a href=\"https:\/\/photos.app.goo.gl\/KXVvWNa2K9bRUWt59\" target=\"_blank\" rel=\"noopener noreferrer\"><img loading=\"lazy\" decoding=\"async\" class=\"alignnone wp-image-4734 size-medium\" src=\"https:\/\/agora.xtec.cat\/ceippractiques2-lleida\/wp-content\/uploads\/usu635\/2021\/05\/20210514_114402-300x225.jpg\" alt=\"\" width=\"300\" height=\"225\" srcset=\"https:\/\/agora.xtec.cat\/ceippractiques2-lleida\/wp-content\/uploads\/usu635\/2021\/05\/20210514_114402-300x225.jpg 300w, https:\/\/agora.xtec.cat\/ceippractiques2-lleida\/wp-content\/uploads\/usu635\/2021\/05\/20210514_114402-768x576.jpg 768w, https:\/\/agora.xtec.cat\/ceippractiques2-lleida\/wp-content\/uploads\/usu635\/2021\/05\/20210514_114402-1024x768.jpg 1024w, https:\/\/agora.xtec.cat\/ceippractiques2-lleida\/wp-content\/uploads\/usu635\/2021\/05\/20210514_114402-200x150.jpg 200w, https:\/\/agora.xtec.cat\/ceippractiques2-lleida\/wp-content\/uploads\/usu635\/2021\/05\/20210514_114402.jpg 1632w\" sizes=\"auto, (max-width: 300px) 100vw, 300px\" \/><\/a><\/p>\n<p>&nbsp;<\/p>\n","protected":false},"excerpt":{"rendered":"<p>BENVOLGUDES FAMILIES,<br \/>\nEL PASSAT DIVENDRES DIA 14 DE MAIG LES CLASSES DELS CARAGOLS I LES TORTUGUES DE P-3 VAM FER UNA PETITA EXCURSI\u00d3, VAM VISITAR EL MUSEU RODA-RODA ON VAM VEURE COTXES I MOTOS MOLT ANTICS I ALTRES QUE NO HO S\u00d3N TANT. TAMB\u00c9 VAM PODER&hellip;  <a href=\"https:\/\/agora.xtec.cat\/ceippractiques2-lleida\/general\/p3-visita-el-museu-roda-roda\/\" title=\"Read P3 VISITA EL MUSEU RODA RODA\">Llegeix m\u00e9s\u00bb<\/a><\/p>\n","protected":false},"author":17,"featured_media":4735,"comment_status":"open","ping_status":"closed","sticky":false,"template":"","format":"standard","meta":{"_bbp_topic_count":0,"_bbp_reply_count":0,"_bbp_total_topic_count":0,"_bbp_total_reply_count":0,"_bbp_voice_count":0,"_bbp_anonymous_reply_count":0,"_bbp_topic_count_hidden":0,"_bbp_reply_count_hidden":0,"_bbp_forum_subforum_count":0,"footnotes":""},"categories":[2,1,3,4],"tags":[157,158,152,71],"class_list":["post-4732","post","type-post","status-publish","format-standard","has-post-thumbnail","hentry","category-infantil","category-general","category-i3","category-portada","tag-infantil","tag-museu-roda-roda","tag-p3","tag-sortida"],"post_mailing_queue_ids":[],"_links":{"self":[{"href":"https:\/\/agora.xtec.cat\/ceippractiques2-lleida\/wp-json\/wp\/v2\/posts\/4732","targetHints":{"allow":["GET"]}}],"collection":[{"href":"https:\/\/agora.xtec.cat\/ceippractiques2-lleida\/wp-json\/wp\/v2\/posts"}],"about":[{"href":"https:\/\/agora.xtec.cat\/ceippractiques2-lleida\/wp-json\/wp\/v2\/types\/post"}],"author":[{"embeddable":true,"href":"https:\/\/agora.xtec.cat\/ceippractiques2-lleida\/wp-json\/wp\/v2\/users\/17"}],"replies":[{"embeddable":true,"href":"https:\/\/agora.xtec.cat\/ceippractiques2-lleida\/wp-json\/wp\/v2\/comments?post=4732"}],"version-history":[{"count":2,"href":"https:\/\/agora.xtec.cat\/ceippractiques2-lleida\/wp-json\/wp\/v2\/posts\/4732\/revisions"}],"predecessor-version":[{"id":4737,"href":"https:\/\/agora.xtec.cat\/ceippractiques2-lleida\/wp-json\/wp\/v2\/posts\/4732\/revisions\/4737"}],"wp:featuredmedia":[{"embeddable":true,"href":"https:\/\/agora.xtec.cat\/ceippractiques2-lleida\/wp-json\/wp\/v2\/media\/4735"}],"wp:attachment":[{"href":"https:\/\/agora.xtec.cat\/ceippractiques2-lleida\/wp-json\/wp\/v2\/media?parent=4732"}],"wp:term":[{"taxonomy":"category","embeddable":true,"href":"https:\/\/agora.xtec.cat\/ceippractiques2-lleida\/wp-json\/wp\/v2\/categories?post=4732"},{"taxonomy":"post_tag","embeddable":true,"href":"https:\/\/agora.xtec.cat\/ceippractiques2-lleida\/wp-json\/wp\/v2\/tags?post=4732"}],"curies":[{"name":"wp","href":"https:\/\/api.w.org\/{rel}","templated":true}]}}