{"id":4721,"date":"2021-05-07T19:38:57","date_gmt":"2021-05-07T17:38:57","guid":{"rendered":"http:\/\/agora.xtec.cat\/ceippractiques2-lleida\/?p=4721"},"modified":"2021-05-07T19:44:44","modified_gmt":"2021-05-07T17:44:44","slug":"cicle-inicial-visita-la-mitjana","status":"publish","type":"post","link":"https:\/\/agora.xtec.cat\/ceippractiques2-lleida\/portada\/cicle-inicial-visita-la-mitjana\/","title":{"rendered":"CICLE INICIAL VISITA LA MITJANA"},"content":{"rendered":"<p>Aquesta setmana els i les alumnes de cicle inicial hem anat d\u2019excursi\u00f3 al <strong>Parc de la Mitjana<\/strong> per treballar en el nostre projecte interdisciplinari.\u00a0 A la Mitjana hem pogut observar la fauna que hi viu, els diferents tipus d\u2019arbres i plantes i el riu Segre. Ens hem adonat que la Mitjana \u00e9s un exemple d\u2019ecosistema fant\u00e0stic.<\/p>\n<p>A m\u00e9s, hem fet de cient\u00edfics mirant amb una lupa i hem fet una recollida de mostres per poder crear el nostre propi ecosistema a l\u2019escola.<\/p>\n<p>Tamb\u00e9 hem dinat al parc i ens hem tirat per la tirolina. Ens ho hem passat d\u2019all\u00f2 m\u00e9s\u00a0b\u00e9 i hem jugat molt!!!<\/p>\n<p><span style=\"color: #ff0000;\"><em>Si voleu veure tot el que hem fet podeu clicar a la primera fotografia (1r de prim\u00e0ria) i la segona fotografia (2n de prim\u00e0ria)<\/em><\/span><\/p>\n<p><a href=\"https:\/\/photos.app.goo.gl\/1bpSMcbdpSkUhdq77\" target=\"_blank\" rel=\"noopener noreferrer\"><img loading=\"lazy\" decoding=\"async\" class=\"wp-image-4722 aligncenter\" src=\"https:\/\/agora.xtec.cat\/ceippractiques2-lleida\/wp-content\/uploads\/usu635\/2021\/05\/1R-PRIMARIA-FOTOS-1024x819.jpg\" alt=\"\" width=\"576\" height=\"461\" srcset=\"https:\/\/agora.xtec.cat\/ceippractiques2-lleida\/wp-content\/uploads\/usu635\/2021\/05\/1R-PRIMARIA-FOTOS-1024x819.jpg 1024w, https:\/\/agora.xtec.cat\/ceippractiques2-lleida\/wp-content\/uploads\/usu635\/2021\/05\/1R-PRIMARIA-FOTOS-300x240.jpg 300w, https:\/\/agora.xtec.cat\/ceippractiques2-lleida\/wp-content\/uploads\/usu635\/2021\/05\/1R-PRIMARIA-FOTOS-768x614.jpg 768w, https:\/\/agora.xtec.cat\/ceippractiques2-lleida\/wp-content\/uploads\/usu635\/2021\/05\/1R-PRIMARIA-FOTOS.jpg 2000w\" sizes=\"auto, (max-width: 576px) 100vw, 576px\" \/><\/a><\/p>\n<p><a href=\"https:\/\/photos.app.goo.gl\/em67GitJcPSy6rUU6\" target=\"_blank\" rel=\"noopener noreferrer\"><img loading=\"lazy\" decoding=\"async\" class=\"wp-image-4727 aligncenter\" src=\"https:\/\/agora.xtec.cat\/ceippractiques2-lleida\/wp-content\/uploads\/usu635\/2021\/05\/Copia-de-Blue-and-Pink-Cute-Girl-Birthday-Photo-Collage-3-1024x819.jpg\" alt=\"\" width=\"584\" height=\"467\" srcset=\"https:\/\/agora.xtec.cat\/ceippractiques2-lleida\/wp-content\/uploads\/usu635\/2021\/05\/Copia-de-Blue-and-Pink-Cute-Girl-Birthday-Photo-Collage-3-1024x819.jpg 1024w, https:\/\/agora.xtec.cat\/ceippractiques2-lleida\/wp-content\/uploads\/usu635\/2021\/05\/Copia-de-Blue-and-Pink-Cute-Girl-Birthday-Photo-Collage-3-300x240.jpg 300w, https:\/\/agora.xtec.cat\/ceippractiques2-lleida\/wp-content\/uploads\/usu635\/2021\/05\/Copia-de-Blue-and-Pink-Cute-Girl-Birthday-Photo-Collage-3-768x614.jpg 768w, https:\/\/agora.xtec.cat\/ceippractiques2-lleida\/wp-content\/uploads\/usu635\/2021\/05\/Copia-de-Blue-and-Pink-Cute-Girl-Birthday-Photo-Collage-3.jpg 2000w\" sizes=\"auto, (max-width: 584px) 100vw, 584px\" \/><\/a><\/p>\n<p>&nbsp;<\/p>\n","protected":false},"excerpt":{"rendered":"<p>Aquesta setmana els i les alumnes de cicle inicial hem anat d\u2019excursi\u00f3 al Parc de la Mitjana per treballar en el nostre projecte interdisciplinari.\u00a0 A la Mitjana hem pogut observar la fauna que hi viu, els diferents tipus d\u2019arbres i plantes i el riu Segre. Ens hem adonat que la Mitjana \u00e9s un exemple d\u2019ecosistema fant\u00e0stic.A m\u00e9s, hem fet de cient\u00edfics mirant amb una lupa i hem fet una recollida de mostres per poder crear el nostre propi ecosistema a l\u2019escola.Tamb\u00e9 hem dinat al parc i ens hem tirat per la tirolina. Ens ho hem passat d\u2019all\u00f2 m\u00e9s\u00a0b\u00e9 i hem jugat molt!!!&hellip;  <a href=\"https:\/\/agora.xtec.cat\/ceippractiques2-lleida\/portada\/cicle-inicial-visita-la-mitjana\/\" title=\"Read CICLE INICIAL VISITA LA MITJANA\">Llegeix m\u00e9s\u00bb<\/a><\/p>\n","protected":false},"author":16,"featured_media":4722,"comment_status":"open","ping_status":"closed","sticky":false,"template":"","format":"standard","meta":{"_bbp_topic_count":0,"_bbp_reply_count":0,"_bbp_total_topic_count":0,"_bbp_total_reply_count":0,"_bbp_voice_count":0,"_bbp_anonymous_reply_count":0,"_bbp_topic_count_hidden":0,"_bbp_reply_count_hidden":0,"_bbp_forum_subforum_count":0,"footnotes":""},"categories":[10,11,5,4],"tags":[],"class_list":["post-4721","post","type-post","status-publish","format-standard","has-post-thumbnail","hentry","category-1r","category-2n","category-primaria","category-portada"],"post_mailing_queue_ids":[],"_links":{"self":[{"href":"https:\/\/agora.xtec.cat\/ceippractiques2-lleida\/wp-json\/wp\/v2\/posts\/4721","targetHints":{"allow":["GET"]}}],"collection":[{"href":"https:\/\/agora.xtec.cat\/ceippractiques2-lleida\/wp-json\/wp\/v2\/posts"}],"about":[{"href":"https:\/\/agora.xtec.cat\/ceippractiques2-lleida\/wp-json\/wp\/v2\/types\/post"}],"author":[{"embeddable":true,"href":"https:\/\/agora.xtec.cat\/ceippractiques2-lleida\/wp-json\/wp\/v2\/users\/16"}],"replies":[{"embeddable":true,"href":"https:\/\/agora.xtec.cat\/ceippractiques2-lleida\/wp-json\/wp\/v2\/comments?post=4721"}],"version-history":[{"count":4,"href":"https:\/\/agora.xtec.cat\/ceippractiques2-lleida\/wp-json\/wp\/v2\/posts\/4721\/revisions"}],"predecessor-version":[{"id":4731,"href":"https:\/\/agora.xtec.cat\/ceippractiques2-lleida\/wp-json\/wp\/v2\/posts\/4721\/revisions\/4731"}],"wp:featuredmedia":[{"embeddable":true,"href":"https:\/\/agora.xtec.cat\/ceippractiques2-lleida\/wp-json\/wp\/v2\/media\/4722"}],"wp:attachment":[{"href":"https:\/\/agora.xtec.cat\/ceippractiques2-lleida\/wp-json\/wp\/v2\/media?parent=4721"}],"wp:term":[{"taxonomy":"category","embeddable":true,"href":"https:\/\/agora.xtec.cat\/ceippractiques2-lleida\/wp-json\/wp\/v2\/categories?post=4721"},{"taxonomy":"post_tag","embeddable":true,"href":"https:\/\/agora.xtec.cat\/ceippractiques2-lleida\/wp-json\/wp\/v2\/tags?post=4721"}],"curies":[{"name":"wp","href":"https:\/\/api.w.org\/{rel}","templated":true}]}}