{"id":4699,"date":"2021-05-05T15:39:23","date_gmt":"2021-05-05T13:39:23","guid":{"rendered":"http:\/\/agora.xtec.cat\/ceippractiques2-lleida\/?p=4699"},"modified":"2021-05-05T15:41:28","modified_gmt":"2021-05-05T13:41:28","slug":"visitem-la-seu-vella","status":"publish","type":"post","link":"https:\/\/agora.xtec.cat\/ceippractiques2-lleida\/general\/visitem-la-seu-vella\/","title":{"rendered":"Visitem la Seu Vella"},"content":{"rendered":"<p>El passat dimecres 21 d&#8217;abril els alumnes de cinqu\u00e8 vam anar a\u00a0 fer l&#8217;activitat <em>Descobreix la Seu Vella<\/em> per tal de tenir informaci\u00f3 pel nostre projecte. Vam fer un recorregut pels diferents espais que formen la Seu Vella tot fent d\u2019investigadors del temps, observant les marques de picapedrer, la pedra fundacional, les rosasses, els finestrals del claustre&#8230; Tamb\u00e9 vam aprendre qu\u00e8 \u00e9s una catedral i el perqu\u00e8 del seu nom. Vam pujar les 238 escales del campanar per poder observar tota la ciutat. Voleu veure imatges? Cliqueu al damunt de la foto.<a href=\"https:\/\/drive.google.com\/drive\/folders\/1_vPY3n1N5YJO3KWtbH7oUWt52byMi4lz?usp=sharing\" target=\"_blank\" rel=\"https:\/\/drive.google.com\/drive\/folders\/1_vPY3n1N5YJO3KWtbH7oUWt52byMi4lz?usp=sharing noopener noreferrer\"><img loading=\"lazy\" decoding=\"async\" class=\"aligncenter wp-image-4700\" src=\"https:\/\/agora.xtec.cat\/ceippractiques2-lleida\/wp-content\/uploads\/usu635\/2021\/05\/IMG-20210421-WA0008-300x169.jpg\" alt=\"\" width=\"500\" height=\"281\" srcset=\"https:\/\/agora.xtec.cat\/ceippractiques2-lleida\/wp-content\/uploads\/usu635\/2021\/05\/IMG-20210421-WA0008-300x169.jpg 300w, https:\/\/agora.xtec.cat\/ceippractiques2-lleida\/wp-content\/uploads\/usu635\/2021\/05\/IMG-20210421-WA0008-768x432.jpg 768w, https:\/\/agora.xtec.cat\/ceippractiques2-lleida\/wp-content\/uploads\/usu635\/2021\/05\/IMG-20210421-WA0008-1024x576.jpg 1024w, https:\/\/agora.xtec.cat\/ceippractiques2-lleida\/wp-content\/uploads\/usu635\/2021\/05\/IMG-20210421-WA0008.jpg 1600w\" sizes=\"auto, (max-width: 500px) 100vw, 500px\" \/><\/a><\/p>\n","protected":false},"excerpt":{"rendered":"<p>El passat dimecres 21 d&#8217;abril els alumnes de cinqu\u00e8 vam anar a\u00a0 fer l&#8217;activitat Descobreix la Seu Vella per tal de tenir informaci\u00f3 pel nostre projecte. Vam fer un recorregut pels diferents espais que formen la Seu Vella tot fent d\u2019investigadors del temps, observant les&hellip;  <a href=\"https:\/\/agora.xtec.cat\/ceippractiques2-lleida\/general\/visitem-la-seu-vella\/\" title=\"Read Visitem la Seu Vella\">Llegeix m\u00e9s\u00bb<\/a><\/p>\n","protected":false},"author":10,"featured_media":0,"comment_status":"open","ping_status":"closed","sticky":false,"template":"","format":"standard","meta":{"_bbp_topic_count":0,"_bbp_reply_count":0,"_bbp_total_topic_count":0,"_bbp_total_reply_count":0,"_bbp_voice_count":0,"_bbp_anonymous_reply_count":0,"_bbp_topic_count_hidden":0,"_bbp_reply_count_hidden":0,"_bbp_forum_subforum_count":0,"footnotes":""},"categories":[14,5,1,4],"tags":[],"class_list":["post-4699","post","type-post","status-publish","format-standard","hentry","category-5e","category-primaria","category-general","category-portada"],"post_mailing_queue_ids":[],"_links":{"self":[{"href":"https:\/\/agora.xtec.cat\/ceippractiques2-lleida\/wp-json\/wp\/v2\/posts\/4699","targetHints":{"allow":["GET"]}}],"collection":[{"href":"https:\/\/agora.xtec.cat\/ceippractiques2-lleida\/wp-json\/wp\/v2\/posts"}],"about":[{"href":"https:\/\/agora.xtec.cat\/ceippractiques2-lleida\/wp-json\/wp\/v2\/types\/post"}],"author":[{"embeddable":true,"href":"https:\/\/agora.xtec.cat\/ceippractiques2-lleida\/wp-json\/wp\/v2\/users\/10"}],"replies":[{"embeddable":true,"href":"https:\/\/agora.xtec.cat\/ceippractiques2-lleida\/wp-json\/wp\/v2\/comments?post=4699"}],"version-history":[{"count":3,"href":"https:\/\/agora.xtec.cat\/ceippractiques2-lleida\/wp-json\/wp\/v2\/posts\/4699\/revisions"}],"predecessor-version":[{"id":4705,"href":"https:\/\/agora.xtec.cat\/ceippractiques2-lleida\/wp-json\/wp\/v2\/posts\/4699\/revisions\/4705"}],"wp:attachment":[{"href":"https:\/\/agora.xtec.cat\/ceippractiques2-lleida\/wp-json\/wp\/v2\/media?parent=4699"}],"wp:term":[{"taxonomy":"category","embeddable":true,"href":"https:\/\/agora.xtec.cat\/ceippractiques2-lleida\/wp-json\/wp\/v2\/categories?post=4699"},{"taxonomy":"post_tag","embeddable":true,"href":"https:\/\/agora.xtec.cat\/ceippractiques2-lleida\/wp-json\/wp\/v2\/tags?post=4699"}],"curies":[{"name":"wp","href":"https:\/\/api.w.org\/{rel}","templated":true}]}}