{"id":4673,"date":"2021-04-26T11:59:46","date_gmt":"2021-04-26T09:59:46","guid":{"rendered":"http:\/\/agora.xtec.cat\/ceippractiques2-lleida\/?p=4673"},"modified":"2021-04-26T11:59:46","modified_gmt":"2021-04-26T09:59:46","slug":"cicle-mitja-visita-el-jardi-botanic-de-lleida-larboretum","status":"publish","type":"post","link":"https:\/\/agora.xtec.cat\/ceippractiques2-lleida\/portada\/cicle-mitja-visita-el-jardi-botanic-de-lleida-larboretum\/","title":{"rendered":"Cicle Mitj\u00e0 visita el Jard\u00ed Bot\u00e0nic de Lleida: L&#8217;Arbor\u00e8tum"},"content":{"rendered":"<p>Els i les alumnes de Cicle Mitj\u00e0 van visitar la setmana passada l&#8217;Arbor\u00e8tum de Lleida, una sortida relacionada amb el Projecte de l&#8217;Horta de Lleida que estem duent a terme.<\/p>\n<p>Vam descobrir coses molt curioses:<\/p>\n<ul style=\"list-style-type: disc;\">\n<li>Sab\u00edeu que les sequoies poden arribar a fer dues vegades l&#8217;al\u00e7ada de de la Seu Vella?<\/li>\n<li>El tronc del Bedoll, quina textura t\u00e9? Molt fina i es desf\u00e0, aix\u00f2 facilita que es pugui fer paper.<\/li>\n<li>Sab\u00edeu que al Canad\u00e0 hi ha plantacions? Del tronc se&#8217;n treu un xarop d&#8217;aur\u00f3 molt dol\u00e7, per acompanyar els famosos <em>pancakes<\/em>!<\/li>\n<li>Coneixeu el Liquid\u00e0mbar? \u00c9s un arbre del qual se n&#8217;extreu xiclet.<\/li>\n<li>Sabeu quin arbre ja existia a l&#8217;\u00e8poca dels dinosaures? El Gingo i prov\u00e9 de la Xina. La seva fulla t\u00e9 forma de ventall.<\/li>\n<li>Quina fusta s&#8217;utilitza per fer els arcs dels indis americans? La del roure americ\u00e0!<\/li>\n<li>Del Sumac se&#8217;n feien pipes de la Pau.<\/li>\n<li>Sabeu com con\u00e8ixer l&#8217;edat d&#8217;un arbre? Si veiem un arbre que est\u00e0 tallat, podem contar les seves anelles de creixement. Cada anella \u00e9s un any.<\/li>\n<\/ul>\n<p>En acabar la visita ens han regalat un llapis fet amb fusta de xop, de la que tamb\u00e9 se&#8217;n fan escuradents i caixetes de fusta per vendre maduixes. A m\u00e9s a m\u00e9s, de cam\u00ed vam poder veure la S\u00e9quia Major i vam passar per davant de la Seu del Canal de Pinyana.<\/p>\n<p>Va ser una excursi\u00f3 fant\u00e0stica!<\/p>\n<p>Per veure imatges de la visita podeu clicar a la fotografia que apareix a continuaci\u00f3:<\/p>\n<p><a href=\"https:\/\/photos.app.goo.gl\/EesGgo5nBMt2u5NN8\"><img loading=\"lazy\" decoding=\"async\" class=\"alignnone size-large wp-image-4674\" src=\"https:\/\/agora.xtec.cat\/ceippractiques2-lleida\/wp-content\/uploads\/usu635\/2021\/04\/Arbor\u00e8tum-110-1024x768.jpeg\" alt=\"\" width=\"1024\" height=\"768\" srcset=\"https:\/\/agora.xtec.cat\/ceippractiques2-lleida\/wp-content\/uploads\/usu635\/2021\/04\/Arbor\u00e8tum-110.jpeg 1024w, https:\/\/agora.xtec.cat\/ceippractiques2-lleida\/wp-content\/uploads\/usu635\/2021\/04\/Arbor\u00e8tum-110-300x225.jpeg 300w, https:\/\/agora.xtec.cat\/ceippractiques2-lleida\/wp-content\/uploads\/usu635\/2021\/04\/Arbor\u00e8tum-110-768x576.jpeg 768w, https:\/\/agora.xtec.cat\/ceippractiques2-lleida\/wp-content\/uploads\/usu635\/2021\/04\/Arbor\u00e8tum-110-200x150.jpeg 200w\" sizes=\"auto, (max-width: 1024px) 100vw, 1024px\" \/><\/a><\/p>\n<p>&nbsp;<\/p>\n","protected":false},"excerpt":{"rendered":"<p>Els i les alumnes de Cicle Mitj\u00e0 van visitar la setmana passada l&#8217;Arbor\u00e8tum de Lleida, una sortida relacionada amb el Projecte de l&#8217;Horta de Lleida que estem duent a terme.<br \/>\nVam descobrir coses molt curioses:<\/p>\n<ul style=\"list-style-type: disc;\">\n<li>Sab\u00edeu que les sequoies poden arribar a fer dues vegades&hellip;  <a href=\"https:\/\/agora.xtec.cat\/ceippractiques2-lleida\/portada\/cicle-mitja-visita-el-jardi-botanic-de-lleida-larboretum\/\" title=\"Read Cicle Mitj\u00e0 visita el Jard\u00ed Bot\u00e0nic de Lleida: L&#8217;Arbor\u00e8tum\">Llegeix m\u00e9s\u00bb<\/a><br \/>\n","protected":false},"author":18,"featured_media":4674,"comment_status":"open","ping_status":"closed","sticky":false,"template":"","format":"standard","meta":{"_bbp_topic_count":0,"_bbp_reply_count":0,"_bbp_total_topic_count":0,"_bbp_total_reply_count":0,"_bbp_voice_count":0,"_bbp_anonymous_reply_count":0,"_bbp_topic_count_hidden":0,"_bbp_reply_count_hidden":0,"_bbp_forum_subforum_count":0,"footnotes":""},"categories":[12,13,4],"tags":[],"class_list":["post-4673","post","type-post","status-publish","format-standard","has-post-thumbnail","hentry","category-3r","category-4t","category-portada"],"post_mailing_queue_ids":[],"_links":{"self":[{"href":"https:\/\/agora.xtec.cat\/ceippractiques2-lleida\/wp-json\/wp\/v2\/posts\/4673","targetHints":{"allow":["GET"]}}],"collection":[{"href":"https:\/\/agora.xtec.cat\/ceippractiques2-lleida\/wp-json\/wp\/v2\/posts"}],"about":[{"href":"https:\/\/agora.xtec.cat\/ceippractiques2-lleida\/wp-json\/wp\/v2\/types\/post"}],"author":[{"embeddable":true,"href":"https:\/\/agora.xtec.cat\/ceippractiques2-lleida\/wp-json\/wp\/v2\/users\/18"}],"replies":[{"embeddable":true,"href":"https:\/\/agora.xtec.cat\/ceippractiques2-lleida\/wp-json\/wp\/v2\/comments?post=4673"}],"version-history":[{"count":1,"href":"https:\/\/agora.xtec.cat\/ceippractiques2-lleida\/wp-json\/wp\/v2\/posts\/4673\/revisions"}],"predecessor-version":[{"id":4675,"href":"https:\/\/agora.xtec.cat\/ceippractiques2-lleida\/wp-json\/wp\/v2\/posts\/4673\/revisions\/4675"}],"wp:featuredmedia":[{"embeddable":true,"href":"https:\/\/agora.xtec.cat\/ceippractiques2-lleida\/wp-json\/wp\/v2\/media\/4674"}],"wp:attachment":[{"href":"https:\/\/agora.xtec.cat\/ceippractiques2-lleida\/wp-json\/wp\/v2\/media?parent=4673"}],"wp:term":[{"taxonomy":"category","embeddable":true,"href":"https:\/\/agora.xtec.cat\/ceippractiques2-lleida\/wp-json\/wp\/v2\/categories?post=4673"},{"taxonomy":"post_tag","embeddable":true,"href":"https:\/\/agora.xtec.cat\/ceippractiques2-lleida\/wp-json\/wp\/v2\/tags?post=4673"}],"curies":[{"name":"wp","href":"https:\/\/api.w.org\/{rel}","templated":true}]}}