{"id":4488,"date":"2021-02-20T12:32:07","date_gmt":"2021-02-20T11:32:07","guid":{"rendered":"http:\/\/agora.xtec.cat\/ceippractiques2-lleida\/?p=4488"},"modified":"2021-02-20T12:32:07","modified_gmt":"2021-02-20T11:32:07","slug":"visitem-el-museu-de-laigua","status":"publish","type":"post","link":"https:\/\/agora.xtec.cat\/ceippractiques2-lleida\/general\/visitem-el-museu-de-laigua\/","title":{"rendered":"Visitem el museu de l&#8217;aigua"},"content":{"rendered":"<p>Aquesta setmana els alumnes de cicle superior vam poder gaudir d&#8217;un dia molt especial. Vam anar caminant fins a la Canadenca on es troba el museu de l&#8217;aigua i all\u00ed vam fer un taller molt interessant sobre l&#8217;energia de l&#8217;aigua. Vam aprendre moltes coses per\u00f2 el millor de tot \u00e9s que vam poder passar un dia fora de l&#8217;escola amb els companys. Feia molt temps que no ho pod\u00edem fer i ho trobem en falta. Si voleu veure com ens ho vam passar cliqueu damunt de les imatges.<\/p>\n<table style=\"width: 687px; height: 193px;\">\n<tbody>\n<tr style=\"height: 160px;\">\n<td style=\"width: 339.5px; text-align: center; height: 160px;\"><a href=\"https:\/\/drive.google.com\/drive\/folders\/1-9BV3yGWLSwLppYq4neW5AxbrYI-n56t\"><img loading=\"lazy\" decoding=\"async\" class=\"aligncenter wp-image-4489 size-thumbnail\" src=\"https:\/\/agora.xtec.cat\/ceippractiques2-lleida\/wp-content\/uploads\/usu635\/2021\/02\/cinquec-150x150.jpg\" alt=\"\" width=\"150\" height=\"150\" data-wp-editing=\"1\" \/><\/a><span style=\"color: #ff0000;\"><strong>Fotos cinqu\u00e8<\/strong><\/span><\/td>\n<td style=\"width: 339.5px; height: 160px; text-align: center;\"><a href=\"https:\/\/drive.google.com\/drive\/folders\/14EwVc_jcD1U7dMKSBGB0ktxPTBm5-PlD\"><img loading=\"lazy\" decoding=\"async\" class=\"aligncenter wp-image-4490 size-thumbnail\" src=\"https:\/\/agora.xtec.cat\/ceippractiques2-lleida\/wp-content\/uploads\/usu635\/2021\/02\/IMG-20210218-WA0010-150x150.jpg\" alt=\"\" width=\"150\" height=\"150\" \/><\/a><strong><span style=\"color: #ff0000;\">Fotos sis\u00e8<\/span><\/strong><\/td>\n<\/tr>\n<\/tbody>\n<\/table>\n","protected":false},"excerpt":{"rendered":"<p>Aquesta setmana els alumnes de cicle superior vam poder gaudir d&#8217;un dia molt especial. Vam anar caminant fins a la Canadenca on es troba el museu de l&#8217;aigua i all\u00ed vam fer un taller molt interessant sobre l&#8217;energia de l&#8217;aigua. Vam aprendre moltes coses per\u00f2&hellip;  <a href=\"https:\/\/agora.xtec.cat\/ceippractiques2-lleida\/general\/visitem-el-museu-de-laigua\/\" title=\"Read Visitem el museu de l&#8217;aigua\">Llegeix m\u00e9s\u00bb<\/a><\/p>\n","protected":false},"author":10,"featured_media":0,"comment_status":"open","ping_status":"closed","sticky":false,"template":"","format":"standard","meta":{"_bbp_topic_count":0,"_bbp_reply_count":0,"_bbp_total_topic_count":0,"_bbp_total_reply_count":0,"_bbp_voice_count":0,"_bbp_anonymous_reply_count":0,"_bbp_topic_count_hidden":0,"_bbp_reply_count_hidden":0,"_bbp_forum_subforum_count":0,"footnotes":""},"categories":[14,15,1,4],"tags":[],"class_list":["post-4488","post","type-post","status-publish","format-standard","hentry","category-5e","category-6e","category-general","category-portada"],"post_mailing_queue_ids":[],"_links":{"self":[{"href":"https:\/\/agora.xtec.cat\/ceippractiques2-lleida\/wp-json\/wp\/v2\/posts\/4488","targetHints":{"allow":["GET"]}}],"collection":[{"href":"https:\/\/agora.xtec.cat\/ceippractiques2-lleida\/wp-json\/wp\/v2\/posts"}],"about":[{"href":"https:\/\/agora.xtec.cat\/ceippractiques2-lleida\/wp-json\/wp\/v2\/types\/post"}],"author":[{"embeddable":true,"href":"https:\/\/agora.xtec.cat\/ceippractiques2-lleida\/wp-json\/wp\/v2\/users\/10"}],"replies":[{"embeddable":true,"href":"https:\/\/agora.xtec.cat\/ceippractiques2-lleida\/wp-json\/wp\/v2\/comments?post=4488"}],"version-history":[{"count":3,"href":"https:\/\/agora.xtec.cat\/ceippractiques2-lleida\/wp-json\/wp\/v2\/posts\/4488\/revisions"}],"predecessor-version":[{"id":4494,"href":"https:\/\/agora.xtec.cat\/ceippractiques2-lleida\/wp-json\/wp\/v2\/posts\/4488\/revisions\/4494"}],"wp:attachment":[{"href":"https:\/\/agora.xtec.cat\/ceippractiques2-lleida\/wp-json\/wp\/v2\/media?parent=4488"}],"wp:term":[{"taxonomy":"category","embeddable":true,"href":"https:\/\/agora.xtec.cat\/ceippractiques2-lleida\/wp-json\/wp\/v2\/categories?post=4488"},{"taxonomy":"post_tag","embeddable":true,"href":"https:\/\/agora.xtec.cat\/ceippractiques2-lleida\/wp-json\/wp\/v2\/tags?post=4488"}],"curies":[{"name":"wp","href":"https:\/\/api.w.org\/{rel}","templated":true}]}}