{"id":4353,"date":"2020-07-13T18:25:04","date_gmt":"2020-07-13T16:25:04","guid":{"rendered":"http:\/\/agora.xtec.cat\/ceippractiques2-lleida\/?p=4353"},"modified":"2020-09-26T21:15:42","modified_gmt":"2020-09-26T19:15:42","slug":"tancament-de-lescola-important-actualitzat-a-13-7-20","status":"publish","type":"post","link":"https:\/\/agora.xtec.cat\/ceippractiques2-lleida\/general\/tancament-de-lescola-important-actualitzat-a-13-7-20\/","title":{"rendered":"TANCAMENT DE L&#8217;ESCOLA- Important! Actualitzat a 13\/7\/20"},"content":{"rendered":"<p>A causa de l&#8217;actual situaci\u00f3 en qu\u00e8 ens trobem a la ciutat de Lleida per l&#8217;expansi\u00f3 del COVID 19, l&#8217;escola ha de romandre tancada fins a nou av\u00eds.<\/p>\n<p>L&#8217;entrega dels expedients dels i les alumnes de 6\u00e8 es realitzar\u00e0 durant el mes de setembre. Ens posarem en contacte amb vosaltres quan pogueu realitzar aquesta recollida.<\/p>\n<p>Pel que fa a la presentaci\u00f3 de les beques, si alg\u00fa encara no l&#8217;ha presentada, recordar-vos que ho podeu fer de forma telem\u00e0tica fins al dia 17 de juny. En el cas qu\u00e8 alg\u00fa no pugui presentar-la telem\u00e0ticament, t\u00e9 l&#8217;opci\u00f3 de dipositar la sol\u00b7licitud de beca i la documentaci\u00f3 complement\u00e0ria (impresa en paper) en un sobre dins la b\u00fastia de l&#8217;escola (situada a la vora de la porta d&#8217;entrada).<\/p>\n<p>Pel que respecta a les noves matr\u00edcules que s&#8217;havien de realitzar aquesta setmana, queden suspeses les matr\u00edcules de forma presencial. Ben aviat ens posarem en contacte amb vosaltres via telef\u00f2nica per a concretar els aspectes i la formalitzaci\u00f3 de la matr\u00edcula.<\/p>\n<p>&nbsp;<\/p>\n<p>Per qualsevol gesti\u00f3 o consulta, podeu utilitzar el correu de l&#8217;escola: c5008212@xtec.cat<\/p>\n<p>Moltes gr\u00e0cies.<\/p>\n<p>&nbsp;<\/p>\n","protected":false},"excerpt":{"rendered":"<p>A causa de l&#8217;actual situaci\u00f3 en qu\u00e8 ens trobem a la ciutat de Lleida per l&#8217;expansi\u00f3 del COVID 19, l&#8217;escola ha de romandre tancada fins a nou av\u00eds.<br \/>\nL&#8217;entrega dels expedients dels i les alumnes de 6\u00e8 es realitzar\u00e0 durant el mes de setembre. Ens posarem&hellip;  <a href=\"https:\/\/agora.xtec.cat\/ceippractiques2-lleida\/general\/tancament-de-lescola-important-actualitzat-a-13-7-20\/\" title=\"Read TANCAMENT DE L&#8217;ESCOLA- Important! Actualitzat a 13\/7\/20\">Llegeix m\u00e9s\u00bb<\/a><\/p>\n","protected":false},"author":13,"featured_media":0,"comment_status":"open","ping_status":"closed","sticky":false,"template":"","format":"standard","meta":{"_bbp_topic_count":0,"_bbp_reply_count":0,"_bbp_total_topic_count":0,"_bbp_total_reply_count":0,"_bbp_voice_count":0,"_bbp_anonymous_reply_count":0,"_bbp_topic_count_hidden":0,"_bbp_reply_count_hidden":0,"_bbp_forum_subforum_count":0,"footnotes":""},"categories":[1,4],"tags":[],"class_list":["post-4353","post","type-post","status-publish","format-standard","hentry","category-general","category-portada"],"post_mailing_queue_ids":[],"_links":{"self":[{"href":"https:\/\/agora.xtec.cat\/ceippractiques2-lleida\/wp-json\/wp\/v2\/posts\/4353","targetHints":{"allow":["GET"]}}],"collection":[{"href":"https:\/\/agora.xtec.cat\/ceippractiques2-lleida\/wp-json\/wp\/v2\/posts"}],"about":[{"href":"https:\/\/agora.xtec.cat\/ceippractiques2-lleida\/wp-json\/wp\/v2\/types\/post"}],"author":[{"embeddable":true,"href":"https:\/\/agora.xtec.cat\/ceippractiques2-lleida\/wp-json\/wp\/v2\/users\/13"}],"replies":[{"embeddable":true,"href":"https:\/\/agora.xtec.cat\/ceippractiques2-lleida\/wp-json\/wp\/v2\/comments?post=4353"}],"version-history":[{"count":3,"href":"https:\/\/agora.xtec.cat\/ceippractiques2-lleida\/wp-json\/wp\/v2\/posts\/4353\/revisions"}],"predecessor-version":[{"id":4356,"href":"https:\/\/agora.xtec.cat\/ceippractiques2-lleida\/wp-json\/wp\/v2\/posts\/4353\/revisions\/4356"}],"wp:attachment":[{"href":"https:\/\/agora.xtec.cat\/ceippractiques2-lleida\/wp-json\/wp\/v2\/media?parent=4353"}],"wp:term":[{"taxonomy":"category","embeddable":true,"href":"https:\/\/agora.xtec.cat\/ceippractiques2-lleida\/wp-json\/wp\/v2\/categories?post=4353"},{"taxonomy":"post_tag","embeddable":true,"href":"https:\/\/agora.xtec.cat\/ceippractiques2-lleida\/wp-json\/wp\/v2\/tags?post=4353"}],"curies":[{"name":"wp","href":"https:\/\/api.w.org\/{rel}","templated":true}]}}