{"id":4281,"date":"2020-05-27T08:16:23","date_gmt":"2020-05-27T06:16:23","guid":{"rendered":"http:\/\/agora.xtec.cat\/ceippractiques2-lleida\/?p=4281"},"modified":"2020-05-27T08:16:23","modified_gmt":"2020-05-27T06:16:23","slug":"petites-histories-grans-dones","status":"publish","type":"post","link":"https:\/\/agora.xtec.cat\/ceippractiques2-lleida\/general\/petites-histories-grans-dones\/","title":{"rendered":"Petites hist\u00f2ries, grans dones"},"content":{"rendered":"<p><span style=\"font-weight: 400;\">El cicle<\/span><b> \u201cPetites hist\u00f2ries, grans dones\u201d<\/b><span style=\"font-weight: 400;\"> \u00e9s una iniciativa conjunta en qu\u00e8 diversos museus donen a con\u00e8ixer a trav\u00e9s d\u2019un espectacle de conta-contes teatralitzat la figura d\u2019una dona relacionada amb el seu patrimoni.<\/span><\/p>\n<p><span style=\"font-weight: 400;\">Entre el 23 i el 31 de maig, cada dia, a les <\/span><span style=\"font-weight: 400;\">12h, es penjar\u00e0 un nou v\u00eddeo. De moment ja han publicat els seg\u00fcents:<\/span><\/p>\n<p><span style=\"font-weight: 400;\"><a href=\"https:\/\/agora.xtec.cat\/ceippractiques2-lleida\/wp-content\/uploads\/usu635\/2020\/05\/ai.jpg\"><br \/>\n<\/a><\/span><span style=\"font-weight: 400;\"><a href=\"https:\/\/www.youtube.com\/watch?v=JoxB262wqVQ\" target=\"_blank\" rel=\"noopener noreferrer\"><strong>ANNE<\/strong> <strong>BONNY<\/strong><\/a><\/span><span style=\"font-family: inherit; font-size: 1em;\"> &#8211; PIRATA<\/span><\/p>\n<p><strong><a href=\"https:\/\/www.youtube.com\/watch?v=3GfiScLGL00\" target=\"_blank\" rel=\"noopener noreferrer\">GERTRUDE STEIN<\/a> <\/strong>&#8211; ESCRIPTORA<a href=\"https:\/\/agora.xtec.cat\/ceippractiques2-lleida\/wp-content\/uploads\/usu635\/2020\/05\/ai.jpg\"><img loading=\"lazy\" decoding=\"async\" class=\"size-full wp-image-4282 alignright\" src=\"https:\/\/agora.xtec.cat\/ceippractiques2-lleida\/wp-content\/uploads\/usu635\/2020\/05\/ai.jpg\" alt=\"\" width=\"288\" height=\"433\" srcset=\"https:\/\/agora.xtec.cat\/ceippractiques2-lleida\/wp-content\/uploads\/usu635\/2020\/05\/ai.jpg 288w, https:\/\/agora.xtec.cat\/ceippractiques2-lleida\/wp-content\/uploads\/usu635\/2020\/05\/ai-200x300.jpg 200w\" sizes=\"auto, (max-width: 288px) 100vw, 288px\" \/><\/a><\/p>\n<p><a href=\"https:\/\/www.youtube.com\/watch?v=Scg8RCPwMkA\" target=\"_blank\" rel=\"noopener noreferrer\"><strong>CAROLINA MONTAGNE<\/strong><\/a> &#8211; MODISTA<\/p>\n<p><a href=\"https:\/\/www.youtube.com\/watch?v=_bp5FZRIU4Q\" target=\"_blank\" rel=\"noopener noreferrer\"><strong>COLITA<\/strong><\/a> &#8211; FOT\u00d2GRAFA<\/p>\n<p>Podeu trobar les seg\u00fcents al canal <span style=\"color: #000080;\"><strong><a style=\"color: #000080;\" href=\"https:\/\/www.youtube.com\/channel\/UCnwY6qGs0zCapHL0pmVJCnA\" target=\"_blank\" rel=\"noopener noreferrer\">Petites hist\u00f2ries, grans dones<\/a><\/strong><\/span><\/p>\n<p>&nbsp;<\/p>\n<p>&nbsp;<\/p>\n","protected":false},"excerpt":{"rendered":"<p>El cicle \u201cPetites hist\u00f2ries, grans dones\u201d \u00e9s una iniciativa conjunta en qu\u00e8 diversos museus donen a con\u00e8ixer a trav\u00e9s d\u2019un espectacle de conta-contes teatralitzat la figura d\u2019una dona relacionada amb el seu patrimoni.<br \/>\nEntre el 23 i el 31 de maig, cada dia, a les 12h,&hellip;  <a href=\"https:\/\/agora.xtec.cat\/ceippractiques2-lleida\/general\/petites-histories-grans-dones\/\" title=\"Read Petites hist\u00f2ries, grans dones\">Llegeix m\u00e9s\u00bb<\/a><\/p>\n","protected":false},"author":1,"featured_media":0,"comment_status":"open","ping_status":"closed","sticky":false,"template":"","format":"standard","meta":{"_bbp_topic_count":0,"_bbp_reply_count":0,"_bbp_total_topic_count":0,"_bbp_total_reply_count":0,"_bbp_voice_count":0,"_bbp_anonymous_reply_count":0,"_bbp_topic_count_hidden":0,"_bbp_reply_count_hidden":0,"_bbp_forum_subforum_count":0,"footnotes":""},"categories":[1,4],"tags":[],"class_list":["post-4281","post","type-post","status-publish","format-standard","hentry","category-general","category-portada"],"post_mailing_queue_ids":[],"_links":{"self":[{"href":"https:\/\/agora.xtec.cat\/ceippractiques2-lleida\/wp-json\/wp\/v2\/posts\/4281","targetHints":{"allow":["GET"]}}],"collection":[{"href":"https:\/\/agora.xtec.cat\/ceippractiques2-lleida\/wp-json\/wp\/v2\/posts"}],"about":[{"href":"https:\/\/agora.xtec.cat\/ceippractiques2-lleida\/wp-json\/wp\/v2\/types\/post"}],"author":[{"embeddable":true,"href":"https:\/\/agora.xtec.cat\/ceippractiques2-lleida\/wp-json\/wp\/v2\/users\/1"}],"replies":[{"embeddable":true,"href":"https:\/\/agora.xtec.cat\/ceippractiques2-lleida\/wp-json\/wp\/v2\/comments?post=4281"}],"version-history":[{"count":3,"href":"https:\/\/agora.xtec.cat\/ceippractiques2-lleida\/wp-json\/wp\/v2\/posts\/4281\/revisions"}],"predecessor-version":[{"id":4295,"href":"https:\/\/agora.xtec.cat\/ceippractiques2-lleida\/wp-json\/wp\/v2\/posts\/4281\/revisions\/4295"}],"wp:attachment":[{"href":"https:\/\/agora.xtec.cat\/ceippractiques2-lleida\/wp-json\/wp\/v2\/media?parent=4281"}],"wp:term":[{"taxonomy":"category","embeddable":true,"href":"https:\/\/agora.xtec.cat\/ceippractiques2-lleida\/wp-json\/wp\/v2\/categories?post=4281"},{"taxonomy":"post_tag","embeddable":true,"href":"https:\/\/agora.xtec.cat\/ceippractiques2-lleida\/wp-json\/wp\/v2\/tags?post=4281"}],"curies":[{"name":"wp","href":"https:\/\/api.w.org\/{rel}","templated":true}]}}